{"id":13212,"date":"2023-03-05T09:08:03","date_gmt":"2023-03-05T08:08:03","guid":{"rendered":"https:\/\/agora.xtec.cat\/escolalavilapalamos\/?p=13212"},"modified":"2023-03-21T09:11:03","modified_gmt":"2023-03-21T08:11:03","slug":"preinscripcio-curs-2023-24","status":"publish","type":"post","link":"https:\/\/agora.xtec.cat\/escolalavilapalamos\/general\/preinscripcio-curs-2023-24\/","title":{"rendered":"Preinscripci\u00f3 curs 2023-24"},"content":{"rendered":"<h3><img loading=\"lazy\" decoding=\"async\" class=\"wp-image-13052 alignright\" src=\"https:\/\/agora.xtec.cat\/escolalavilapalamos\/wp-content\/uploads\/usu897\/2023\/03\/Banner-article-preinscripcio-24.88-\u00d7-12.44-cm.png\" alt=\"\" width=\"554\" height=\"277\" srcset=\"https:\/\/agora.xtec.cat\/escolalavilapalamos\/wp-content\/uploads\/usu897\/2023\/03\/Banner-article-preinscripcio-24.88-\u00d7-12.44-cm.png 2000w, https:\/\/agora.xtec.cat\/escolalavilapalamos\/wp-content\/uploads\/usu897\/2023\/03\/Banner-article-preinscripcio-24.88-\u00d7-12.44-cm-300x150.png 300w, https:\/\/agora.xtec.cat\/escolalavilapalamos\/wp-content\/uploads\/usu897\/2023\/03\/Banner-article-preinscripcio-24.88-\u00d7-12.44-cm-1024x512.png 1024w, https:\/\/agora.xtec.cat\/escolalavilapalamos\/wp-content\/uploads\/usu897\/2023\/03\/Banner-article-preinscripcio-24.88-\u00d7-12.44-cm-768x384.png 768w, https:\/\/agora.xtec.cat\/escolalavilapalamos\/wp-content\/uploads\/usu897\/2023\/03\/Banner-article-preinscripcio-24.88-\u00d7-12.44-cm-1536x768.png 1536w\" sizes=\"auto, (max-width: 554px) 100vw, 554px\" \/><\/h3>\n<p><strong>Preinscripci\u00f3 23-24 <\/strong><a href=\"https:\/\/drive.google.com\/file\/d\/1hk6jju54RVIxez8cwnJ2ykK_uNCi-5zU\/view?usp=sharing\">Calendari<\/a> , <a href=\"https:\/\/drive.google.com\/file\/d\/1YBFTYATPykTri65OxGCPXbqgGIGAVl7E\/view?usp=sharing\">Documentaci\u00f3 i criteris.<\/a><\/p>\n<p><strong>Totes les sol\u00b7licituds s\u00f3n en format telem\u00e0tic<\/strong> en aquests enlla\u00e7os: <a href=\"https:\/\/preinscripcio.gencat.cat\/ca\/estudis\/infantil-3-6\/preinscriute\/sollicitud\/\">Educaci\u00f3 infantil (P3-P4 i P5)<\/a> o <a href=\"http:\/\/educacio.gencat.cat\/ca\/tramits\/tramits-temes\/20483-obligatoris?moda=2\">Educaci\u00f3 Prim\u00e0ria (1r, 2n, 3r, 4t, 5\u00e8 i 6\u00e8)<\/a>. <em>No es pot presentar cap preinscripci\u00f3 en paper a la secretaria de l&#8217;escola. No cal lliurar cap documentaci\u00f3 presencialment al centre educatiu que indiqueu en primera opci\u00f3.<\/em><\/p>\n<p><a href=\"https:\/\/drive.google.com\/file\/d\/13lG4BSuUxIL_xBKhnHeU3b7b_6gh4d8S\/view?usp=sharing\">Oferta de places a l&#8217;Escola La Vila<\/a><em><br \/>\n<\/em><\/p>\n<p class=\"style-scope ytd-watch-metadata\"><a href=\"https:\/\/youtu.be\/5DvAVUSNLCQ\">La preinscripci\u00f3 escolar 2023<\/a> . <a href=\"https:\/\/youtu.be\/xwo2A2U-g30\">Com emplenar la sol\u00b7licitud de preinscripci\u00f3 escolar (2023-2024)<\/a>. Audiovisuals informatius<\/p>\n<p class=\"carousel-text\"><em><a href=\"https:\/\/open.spotify.com\/episode\/2aIFfEgCgnM5NsRVyIZaH3?si=1fb7e2b6ec5e41fb\" target=\"_blank\" rel=\"noopener\"><span class=\"col-sm-12 dekstop\">Podcast de la preinscripci\u00f3 escolar del Departament d&#8217;Educaci\u00f3<\/span><br \/>\n<\/a><\/em><em>Escolta com triar centre, preparar la documentaci\u00f3, presentar-la, respectar els terminis i entendre el sistema de punts<\/em><\/p>\n<p><strong>Tens dificultats per fer la sol\u00b7licitud ? Nosaltres t&#8217;ajudem Dilluns 13 de mar\u00e7 de 9 a 13 h i a la tarda de 14:30 a 16h (truca per demanar cita pr\u00e8via)<\/strong><\/p>\n<p><a href=\"https:\/\/agora.xtec.cat\/escolalavilapalamos\/wp-content\/uploads\/usu897\/2023\/03\/PREINSCRIPCIO-EI-PRIMARIA-23-24.-.jpg\">Infoescola. Preinscripci\u00f3 dels ensenyaments obligatoris 2023-24<\/a><em><br \/>\n<\/em><\/p>\n<p><a href=\"https:\/\/drive.google.com\/file\/d\/1pp0QhuCmbwi9PXEg8aQ7Y1dYoIEC-zRr\/view?usp=sharing\">RESOLUCI\u00d3 EDU\/507\/2023, de 16 de febrer, per la qual s&#8217;aproven les normes de preinscripci\u00f3 i matr\u00edcula d&#8217;alumnes als centres del Servei d&#8217;Educaci\u00f3 de Catalunya i altres centres educatius, en els diversos ensenyaments sostinguts amb fons p\u00fablics, per al curs 2023-2024.<\/a><\/p>\n<p>Tota la informaci\u00f3 sobre la preinscripci\u00f3 del Departament d\u2019Ensenyament la trobareu <a href=\"https:\/\/preinscripcio.gencat.cat\/ca\/inici\">aqu\u00ed<\/a>.<\/p>\n<p><iframe loading=\"lazy\" src=\"\/\/www.youtube.com\/embed\/xwo2A2U-g30\" width=\"560\" height=\"314\" allowfullscreen=\"allowfullscreen\" data-mce-fragment=\"1\"><\/iframe><\/p>\n","protected":false},"excerpt":{"rendered":"<p>Preinscripci\u00f3 23-24 <a href=\"https:\/\/drive.google.com\/file\/d\/1hk6jju54RVIxez8cwnJ2ykK_uNCi-5zU\/view?usp=sharing\">Calendari<\/a> , <a href=\"https:\/\/drive.google.com\/file\/d\/1YBFTYATPykTri65OxGCPXbqgGIGAVl7E\/view?usp=sharing\">Documentaci\u00f3 i criteris.<\/a><br \/>\nTotes les sol\u00b7licituds s\u00f3n en format telem\u00e0tic en aquests enlla\u00e7os: <a href=\"https:\/\/preinscripcio.gencat.cat\/ca\/estudis\/infantil-3-6\/preinscriute\/sollicitud\/\">Educaci\u00f3 infantil (P3-P4 i P5)<\/a> o <a href=\"http:\/\/educacio.gencat.cat\/ca\/tramits\/tramits-temes\/20483-obligatoris?moda=2\">Educaci\u00f3 Prim\u00e0ria (1r, 2n, 3r, 4t, 5\u00e8 i 6\u00e8)<\/a>. No es pot presentar cap preinscripci\u00f3 en paper a la&hellip;  <a href=\"https:\/\/agora.xtec.cat\/escolalavilapalamos\/general\/preinscripcio-curs-2023-24\/\" title=\"Read Preinscripci\u00f3 curs 2023-24\">Llegeix m\u00e9s\u00bb<\/a><\/p>\n","protected":false},"author":1,"featured_media":13213,"comment_status":"open","ping_status":"closed","sticky":false,"template":"","format":"standard","meta":{"_bbp_topic_count":0,"_bbp_reply_count":0,"_bbp_total_topic_count":0,"_bbp_total_reply_count":0,"_bbp_voice_count":0,"_bbp_anonymous_reply_count":0,"_bbp_topic_count_hidden":0,"_bbp_reply_count_hidden":0,"_bbp_forum_subforum_count":0,"footnotes":""},"categories":[1,4],"tags":[],"class_list":["post-13212","post","type-post","status-publish","format-standard","has-post-thumbnail","hentry","category-general","category-portada"],"post_mailing_queue_ids":[],"_links":{"self":[{"href":"https:\/\/agora.xtec.cat\/escolalavilapalamos\/wp-json\/wp\/v2\/posts\/13212","targetHints":{"allow":["GET"]}}],"collection":[{"href":"https:\/\/agora.xtec.cat\/escolalavilapalamos\/wp-json\/wp\/v2\/posts"}],"about":[{"href":"https:\/\/agora.xtec.cat\/escolalavilapalamos\/wp-json\/wp\/v2\/types\/post"}],"author":[{"embeddable":true,"href":"https:\/\/agora.xtec.cat\/escolalavilapalamos\/wp-json\/wp\/v2\/users\/1"}],"replies":[{"embeddable":true,"href":"https:\/\/agora.xtec.cat\/escolalavilapalamos\/wp-json\/wp\/v2\/comments?post=13212"}],"version-history":[{"count":1,"href":"https:\/\/agora.xtec.cat\/escolalavilapalamos\/wp-json\/wp\/v2\/posts\/13212\/revisions"}],"predecessor-version":[{"id":13214,"href":"https:\/\/agora.xtec.cat\/escolalavilapalamos\/wp-json\/wp\/v2\/posts\/13212\/revisions\/13214"}],"wp:featuredmedia":[{"embeddable":true,"href":"https:\/\/agora.xtec.cat\/escolalavilapalamos\/wp-json\/wp\/v2\/media\/13213"}],"wp:attachment":[{"href":"https:\/\/agora.xtec.cat\/escolalavilapalamos\/wp-json\/wp\/v2\/media?parent=13212"}],"wp:term":[{"taxonomy":"category","embeddable":true,"href":"https:\/\/agora.xtec.cat\/escolalavilapalamos\/wp-json\/wp\/v2\/categories?post=13212"},{"taxonomy":"post_tag","embeddable":true,"href":"https:\/\/agora.xtec.cat\/escolalavilapalamos\/wp-json\/wp\/v2\/tags?post=13212"}],"curies":[{"name":"wp","href":"https:\/\/api.w.org\/{rel}","templated":true}]}}