{"id":13205,"date":"2023-03-20T08:51:22","date_gmt":"2023-03-20T07:51:22","guid":{"rendered":"https:\/\/agora.xtec.cat\/escolalavilapalamos\/?p=13205"},"modified":"2023-03-22T09:04:40","modified_gmt":"2023-03-22T08:04:40","slug":"espai-daprenentatge-dart","status":"publish","type":"post","link":"https:\/\/agora.xtec.cat\/escolalavilapalamos\/infantil\/espai-daprenentatge-dart\/","title":{"rendered":"ESPAI D&#8217;APRENENTATGE D&#8217;ART"},"content":{"rendered":"<p><span style=\"font-weight: 400;\"><a href=\"https:\/\/photos.google.com\/share\/AF1QipOZUo7mvvF2kZH3kpbOoQ2JJecZHnO5KXcUh7ySIPIHkA7vEcUb---eO7WP-KRUog?key=SzkxNjVidU1YWDZyb3ViS0tBVENVdW5uM096dGRR\"><img loading=\"lazy\" decoding=\"async\" class=\"alignright wp-image-13207 \" src=\"https:\/\/agora.xtec.cat\/escolalavilapalamos\/wp-content\/uploads\/usu897\/2023\/03\/IMG_1296.jpg\" alt=\"\" width=\"305\" height=\"407\" srcset=\"https:\/\/agora.xtec.cat\/escolalavilapalamos\/wp-content\/uploads\/usu897\/2023\/03\/IMG_1296.jpg 756w, https:\/\/agora.xtec.cat\/escolalavilapalamos\/wp-content\/uploads\/usu897\/2023\/03\/IMG_1296-225x300.jpg 225w\" sizes=\"auto, (max-width: 305px) 100vw, 305px\" \/><\/a>Un espai que pret\u00e9n despertar i fomentar la curiositat creativa dels infants, on els microespais estan preparats amb cura i afecte, pensats per captivar l\u2019infant i incitar a crear.\u00a0\u00a0<\/span><\/p>\n<p><span style=\"font-weight: 400;\">Els infants poden:\u00a0<\/span><\/p>\n<ul style=\"list-style-type: circle;\">\n<li><span style=\"font-weight: 400;\">desenvolupar les seves experi\u00e8ncies creatives i art\u00edstiques<\/span><\/li>\n<li><span style=\"font-weight: 400;\">manipular i experimentar amb diferents eines, materials i t\u00e8cniques pl\u00e0stiques: dibuix, pintura, collage, modelatge, estampaci\u00f3 \u2026 que afavoreixen la seva motricitat fina\u00a0<\/span><\/li>\n<li><span style=\"font-weight: 400;\">descobrir les seves habilitats i destreses manuals: retallant, esquin\u00e7ant, arrugant, plegant\u2026<\/span><\/li>\n<li><span style=\"font-weight: 400;\">familiaritzar-se amb els elements de l\u2019alfabet visual: color, punt, taca, llum, punts de vista, textura, volum\u2026<\/span><\/li>\n<li><span style=\"font-weight: 400;\">expressar les emocions, idees, viv\u00e8ncies o fantasies.<\/span><\/li>\n<\/ul>\n","protected":false},"excerpt":{"rendered":"<p><a href=\"https:\/\/photos.google.com\/share\/AF1QipOZUo7mvvF2kZH3kpbOoQ2JJecZHnO5KXcUh7ySIPIHkA7vEcUb---eO7WP-KRUog?key=SzkxNjVidU1YWDZyb3ViS0tBVENVdW5uM096dGRR\"><\/a>Un espai que pret\u00e9n despertar i fomentar la curiositat creativa dels infants, on els microespais estan preparats amb cura i afecte, pensats per captivar l\u2019infant i incitar a crear.\u00a0\u00a0<br \/>\nEls infants poden:\u00a0<\/p>\n<ul style=\"list-style-type: circle;\">\n<li>desenvolupar les seves experi\u00e8ncies creatives i art\u00edstiques<\/li>\n<li>manipular i experimentar amb diferents eines,&hellip;  <a href=\"https:\/\/agora.xtec.cat\/escolalavilapalamos\/infantil\/espai-daprenentatge-dart\/\" title=\"Read ESPAI D&#8217;APRENENTATGE D&#8217;ART\">Llegeix m\u00e9s\u00bb<\/a><br \/>\n","protected":false},"author":128,"featured_media":13207,"comment_status":"open","ping_status":"closed","sticky":false,"template":"","format":"standard","meta":{"_bbp_topic_count":0,"_bbp_reply_count":0,"_bbp_total_topic_count":0,"_bbp_total_reply_count":0,"_bbp_voice_count":0,"_bbp_anonymous_reply_count":0,"_bbp_topic_count_hidden":0,"_bbp_reply_count_hidden":0,"_bbp_forum_subforum_count":0,"footnotes":""},"categories":[2,4],"tags":[],"class_list":["post-13205","post","type-post","status-publish","format-standard","has-post-thumbnail","hentry","category-infantil","category-portada"],"post_mailing_queue_ids":[],"_links":{"self":[{"href":"https:\/\/agora.xtec.cat\/escolalavilapalamos\/wp-json\/wp\/v2\/posts\/13205","targetHints":{"allow":["GET"]}}],"collection":[{"href":"https:\/\/agora.xtec.cat\/escolalavilapalamos\/wp-json\/wp\/v2\/posts"}],"about":[{"href":"https:\/\/agora.xtec.cat\/escolalavilapalamos\/wp-json\/wp\/v2\/types\/post"}],"author":[{"embeddable":true,"href":"https:\/\/agora.xtec.cat\/escolalavilapalamos\/wp-json\/wp\/v2\/users\/128"}],"replies":[{"embeddable":true,"href":"https:\/\/agora.xtec.cat\/escolalavilapalamos\/wp-json\/wp\/v2\/comments?post=13205"}],"version-history":[{"count":4,"href":"https:\/\/agora.xtec.cat\/escolalavilapalamos\/wp-json\/wp\/v2\/posts\/13205\/revisions"}],"predecessor-version":[{"id":13227,"href":"https:\/\/agora.xtec.cat\/escolalavilapalamos\/wp-json\/wp\/v2\/posts\/13205\/revisions\/13227"}],"wp:featuredmedia":[{"embeddable":true,"href":"https:\/\/agora.xtec.cat\/escolalavilapalamos\/wp-json\/wp\/v2\/media\/13207"}],"wp:attachment":[{"href":"https:\/\/agora.xtec.cat\/escolalavilapalamos\/wp-json\/wp\/v2\/media?parent=13205"}],"wp:term":[{"taxonomy":"category","embeddable":true,"href":"https:\/\/agora.xtec.cat\/escolalavilapalamos\/wp-json\/wp\/v2\/categories?post=13205"},{"taxonomy":"post_tag","embeddable":true,"href":"https:\/\/agora.xtec.cat\/escolalavilapalamos\/wp-json\/wp\/v2\/tags?post=13205"}],"curies":[{"name":"wp","href":"https:\/\/api.w.org\/{rel}","templated":true}]}}