{"id":13198,"date":"2023-03-17T10:45:05","date_gmt":"2023-03-17T09:45:05","guid":{"rendered":"https:\/\/agora.xtec.cat\/escolalavilapalamos\/?p=13198"},"modified":"2023-03-20T08:58:23","modified_gmt":"2023-03-20T07:58:23","slug":"que-hi-ha-als-arxius","status":"publish","type":"post","link":"https:\/\/agora.xtec.cat\/escolalavilapalamos\/general\/que-hi-ha-als-arxius\/","title":{"rendered":"Qu\u00e8 hi ha als arxius ?"},"content":{"rendered":"<p>El dimecres 15 de mar\u00e7 els nois i noies de 5\u00e8 vam visitar\u00a0 les instal\u00b7lacions del Servei d\u2019Arxiu Municipal a Casa Montaner. L&#8217;activitat consistia en una introducci\u00f3 al terme \u201carxiu\u201d, als seus significats i valors i a la funci\u00f3 d\u2019aquests serveis p\u00fablics.<\/p>\n<p>L&#8217;Al\u00edcia ens va fer una visita molt interessant, vam poder aprendre qu\u00e8 s&#8217;hi guarda als arxius, vam entendre la import\u00e0ncia de la mem\u00f2ria per a saber d&#8217;on venim, vam veure pl\u00e0nols antics de la nostra escola, els primers documents escrits amb tinta&#8230;moltes gr\u00e0cies Al\u00edcia per explicar-nos-ho tan b\u00e9!<\/p>\n<p><a href=\"https:\/\/photos.app.goo.gl\/83nZd1k2CkQouCkq6\">Aqu\u00ed<\/a> podreu veure les fotos de la visita.<a href=\"https:\/\/agora.xtec.cat\/escolalavilapalamos\/wp-content\/uploads\/usu897\/2023\/03\/IMG_2588-scaled.jpg\"><img loading=\"lazy\" decoding=\"async\" class=\"aligncenter size-large wp-image-13199\" src=\"https:\/\/agora.xtec.cat\/escolalavilapalamos\/wp-content\/uploads\/usu897\/2023\/03\/IMG_2588-1024x768.jpg\" alt=\"\" width=\"1024\" height=\"768\" srcset=\"https:\/\/agora.xtec.cat\/escolalavilapalamos\/wp-content\/uploads\/usu897\/2023\/03\/IMG_2588-1024x768.jpg 1024w, https:\/\/agora.xtec.cat\/escolalavilapalamos\/wp-content\/uploads\/usu897\/2023\/03\/IMG_2588-300x225.jpg 300w, https:\/\/agora.xtec.cat\/escolalavilapalamos\/wp-content\/uploads\/usu897\/2023\/03\/IMG_2588-768x576.jpg 768w, https:\/\/agora.xtec.cat\/escolalavilapalamos\/wp-content\/uploads\/usu897\/2023\/03\/IMG_2588-1536x1152.jpg 1536w, https:\/\/agora.xtec.cat\/escolalavilapalamos\/wp-content\/uploads\/usu897\/2023\/03\/IMG_2588-2048x1536.jpg 2048w, https:\/\/agora.xtec.cat\/escolalavilapalamos\/wp-content\/uploads\/usu897\/2023\/03\/IMG_2588-200x150.jpg 200w\" sizes=\"auto, (max-width: 1024px) 100vw, 1024px\" \/><\/a><\/p>\n","protected":false},"excerpt":{"rendered":"<p>El dimecres 15 de mar\u00e7 els nois i noies de 5\u00e8 vam visitar\u00a0 les instal\u00b7lacions del Servei d\u2019Arxiu Municipal a Casa Montaner. L&#8217;activitat consistia en una introducci\u00f3 al terme \u201carxiu\u201d, als seus significats i valors i a la funci\u00f3 d\u2019aquests serveis p\u00fablics.<br \/>\nL&#8217;Al\u00edcia ens va fer&hellip;  <a href=\"https:\/\/agora.xtec.cat\/escolalavilapalamos\/general\/que-hi-ha-als-arxius\/\" title=\"Read Qu\u00e8 hi ha als arxius ?\">Llegeix m\u00e9s\u00bb<\/a><\/p>\n","protected":false},"author":132,"featured_media":13199,"comment_status":"open","ping_status":"closed","sticky":false,"template":"","format":"standard","meta":{"_bbp_topic_count":0,"_bbp_reply_count":0,"_bbp_total_topic_count":0,"_bbp_total_reply_count":0,"_bbp_voice_count":0,"_bbp_anonymous_reply_count":0,"_bbp_topic_count_hidden":0,"_bbp_reply_count_hidden":0,"_bbp_forum_subforum_count":0,"footnotes":""},"categories":[128,1,4],"tags":[],"class_list":["post-13198","post","type-post","status-publish","format-standard","has-post-thumbnail","hentry","category-comunitat-de-grans","category-general","category-portada"],"post_mailing_queue_ids":[],"_links":{"self":[{"href":"https:\/\/agora.xtec.cat\/escolalavilapalamos\/wp-json\/wp\/v2\/posts\/13198","targetHints":{"allow":["GET"]}}],"collection":[{"href":"https:\/\/agora.xtec.cat\/escolalavilapalamos\/wp-json\/wp\/v2\/posts"}],"about":[{"href":"https:\/\/agora.xtec.cat\/escolalavilapalamos\/wp-json\/wp\/v2\/types\/post"}],"author":[{"embeddable":true,"href":"https:\/\/agora.xtec.cat\/escolalavilapalamos\/wp-json\/wp\/v2\/users\/132"}],"replies":[{"embeddable":true,"href":"https:\/\/agora.xtec.cat\/escolalavilapalamos\/wp-json\/wp\/v2\/comments?post=13198"}],"version-history":[{"count":2,"href":"https:\/\/agora.xtec.cat\/escolalavilapalamos\/wp-json\/wp\/v2\/posts\/13198\/revisions"}],"predecessor-version":[{"id":13201,"href":"https:\/\/agora.xtec.cat\/escolalavilapalamos\/wp-json\/wp\/v2\/posts\/13198\/revisions\/13201"}],"wp:featuredmedia":[{"embeddable":true,"href":"https:\/\/agora.xtec.cat\/escolalavilapalamos\/wp-json\/wp\/v2\/media\/13199"}],"wp:attachment":[{"href":"https:\/\/agora.xtec.cat\/escolalavilapalamos\/wp-json\/wp\/v2\/media?parent=13198"}],"wp:term":[{"taxonomy":"category","embeddable":true,"href":"https:\/\/agora.xtec.cat\/escolalavilapalamos\/wp-json\/wp\/v2\/categories?post=13198"},{"taxonomy":"post_tag","embeddable":true,"href":"https:\/\/agora.xtec.cat\/escolalavilapalamos\/wp-json\/wp\/v2\/tags?post=13198"}],"curies":[{"name":"wp","href":"https:\/\/api.w.org\/{rel}","templated":true}]}}