{"id":13185,"date":"2023-03-10T12:51:36","date_gmt":"2023-03-10T11:51:36","guid":{"rendered":"https:\/\/agora.xtec.cat\/escolalavilapalamos\/?p=13185"},"modified":"2023-03-17T10:47:37","modified_gmt":"2023-03-17T09:47:37","slug":"8-de-marc-dia-de-la-dona-a-4t","status":"publish","type":"post","link":"https:\/\/agora.xtec.cat\/escolalavilapalamos\/general\/8-de-marc-dia-de-la-dona-a-4t\/","title":{"rendered":"8 de mar\u00e7 dia de la dona a 4t"},"content":{"rendered":"<p><img loading=\"lazy\" decoding=\"async\" class=\"wp-image-13186 alignright\" src=\"https:\/\/agora.xtec.cat\/escolalavilapalamos\/wp-content\/uploads\/usu897\/2023\/03\/Anna-Frank.png\" alt=\"\" width=\"389\" height=\"283\" srcset=\"https:\/\/agora.xtec.cat\/escolalavilapalamos\/wp-content\/uploads\/usu897\/2023\/03\/Anna-Frank.png 840w, https:\/\/agora.xtec.cat\/escolalavilapalamos\/wp-content\/uploads\/usu897\/2023\/03\/Anna-Frank-300x218.png 300w, https:\/\/agora.xtec.cat\/escolalavilapalamos\/wp-content\/uploads\/usu897\/2023\/03\/Anna-Frank-768x559.png 768w\" sizes=\"auto, (max-width: 389px) 100vw, 389px\" \/>Aquests dies, concretament el dia 8 de mar\u00e7, hem\u00a0 celebrat el Dia Internacional de la Dona, i a 4t l&#8217;hem estat treballant durant tota la setmana per mostrar el nostre comprom\u00eds social per la igualtat.<\/p>\n<p>V\u00e0rem comen\u00e7ar amb v\u00eddeos i debats oberts a l&#8217;aula i hem posat de manifest la import\u00e0ncia de la lluita per aconseguir una societat m\u00e9s justa i igualit\u00e0ria. Certament, les i els alumnes de 4t van treure conclusions molt reals i alhora interessants sobre el paper de la dona al llarg de la hist\u00f2ria i l&#8217;actualitat.<\/p>\n<p>Per aquest motiu, posteriorment vam realitzar cartells de diferents dones que han tingut un paper rellevant en un moment determinat. Els alumnes havien de fer recerca sobre una dona escollida i dur a terme un cartell amb un dibuix i una breu explicaci\u00f3 sobre aquella dona. Els cartells queden exposats al passad\u00eds de l&#8217;escola en un apartat sobre el 8 de mar\u00e7.<\/p>\n<p><img loading=\"lazy\" decoding=\"async\" class=\"alignleft wp-image-13189 \" src=\"https:\/\/agora.xtec.cat\/escolalavilapalamos\/wp-content\/uploads\/usu897\/2023\/03\/foto-2.png\" alt=\"\" width=\"337\" height=\"251\" srcset=\"https:\/\/agora.xtec.cat\/escolalavilapalamos\/wp-content\/uploads\/usu897\/2023\/03\/foto-2.png 997w, https:\/\/agora.xtec.cat\/escolalavilapalamos\/wp-content\/uploads\/usu897\/2023\/03\/foto-2-300x223.png 300w, https:\/\/agora.xtec.cat\/escolalavilapalamos\/wp-content\/uploads\/usu897\/2023\/03\/foto-2-768x571.png 768w, https:\/\/agora.xtec.cat\/escolalavilapalamos\/wp-content\/uploads\/usu897\/2023\/03\/foto-2-200x150.png 200w\" sizes=\"auto, (max-width: 337px) 100vw, 337px\" \/>Isabel Allende, Hip\u00e0tia, Frida Kahlo, Rosa Parks, Maria Montessori&#8230; s\u00f3n alguns exemples de dones lluitadores que han marcat fins a l&#8217;actualitat.<\/p>\n<p>Valorem molt positivament aquesta activitat, que s&#8217;ha dut a terme en parelles o grups de 3.<\/p>\n<p>Treballem per aconseguir una societat igualit\u00e0ria, amb respecte i sense estereotips!<\/p>\n<p>Clica la imatge per veure el recull de <a href=\"https:\/\/photos.app.goo.gl\/L7gZb6waFHXo9X8u7\">fotografies<\/a> de la proposta.<\/p>\n","protected":false},"excerpt":{"rendered":"<p>Aquests dies, concretament el dia 8 de mar\u00e7, hem\u00a0 celebrat el Dia Internacional de la Dona, i a 4t l&#8217;hem estat treballant durant tota la setmana per mostrar el nostre comprom\u00eds social per la igualtat.<br \/>\nV\u00e0rem comen\u00e7ar amb v\u00eddeos i debats oberts a l&#8217;aula i hem&hellip;  <a href=\"https:\/\/agora.xtec.cat\/escolalavilapalamos\/general\/8-de-marc-dia-de-la-dona-a-4t\/\" title=\"Read 8 de mar\u00e7 dia de la dona a 4t\">Llegeix m\u00e9s\u00bb<\/a><\/p>\n","protected":false},"author":132,"featured_media":13186,"comment_status":"closed","ping_status":"closed","sticky":false,"template":"","format":"standard","meta":{"_bbp_topic_count":0,"_bbp_reply_count":0,"_bbp_total_topic_count":0,"_bbp_total_reply_count":0,"_bbp_voice_count":0,"_bbp_anonymous_reply_count":0,"_bbp_topic_count_hidden":0,"_bbp_reply_count_hidden":0,"_bbp_forum_subforum_count":0,"footnotes":""},"categories":[128,1,4,5],"tags":[],"class_list":["post-13185","post","type-post","status-publish","format-standard","has-post-thumbnail","hentry","category-comunitat-de-grans","category-general","category-portada","category-primaria"],"post_mailing_queue_ids":[],"_links":{"self":[{"href":"https:\/\/agora.xtec.cat\/escolalavilapalamos\/wp-json\/wp\/v2\/posts\/13185","targetHints":{"allow":["GET"]}}],"collection":[{"href":"https:\/\/agora.xtec.cat\/escolalavilapalamos\/wp-json\/wp\/v2\/posts"}],"about":[{"href":"https:\/\/agora.xtec.cat\/escolalavilapalamos\/wp-json\/wp\/v2\/types\/post"}],"author":[{"embeddable":true,"href":"https:\/\/agora.xtec.cat\/escolalavilapalamos\/wp-json\/wp\/v2\/users\/132"}],"replies":[{"embeddable":true,"href":"https:\/\/agora.xtec.cat\/escolalavilapalamos\/wp-json\/wp\/v2\/comments?post=13185"}],"version-history":[{"count":3,"href":"https:\/\/agora.xtec.cat\/escolalavilapalamos\/wp-json\/wp\/v2\/posts\/13185\/revisions"}],"predecessor-version":[{"id":13197,"href":"https:\/\/agora.xtec.cat\/escolalavilapalamos\/wp-json\/wp\/v2\/posts\/13185\/revisions\/13197"}],"wp:featuredmedia":[{"embeddable":true,"href":"https:\/\/agora.xtec.cat\/escolalavilapalamos\/wp-json\/wp\/v2\/media\/13186"}],"wp:attachment":[{"href":"https:\/\/agora.xtec.cat\/escolalavilapalamos\/wp-json\/wp\/v2\/media?parent=13185"}],"wp:term":[{"taxonomy":"category","embeddable":true,"href":"https:\/\/agora.xtec.cat\/escolalavilapalamos\/wp-json\/wp\/v2\/categories?post=13185"},{"taxonomy":"post_tag","embeddable":true,"href":"https:\/\/agora.xtec.cat\/escolalavilapalamos\/wp-json\/wp\/v2\/tags?post=13185"}],"curies":[{"name":"wp","href":"https:\/\/api.w.org\/{rel}","templated":true}]}}