{"id":13172,"date":"2023-03-10T10:26:53","date_gmt":"2023-03-10T09:26:53","guid":{"rendered":"https:\/\/agora.xtec.cat\/escolalavilapalamos\/?p=13172"},"modified":"2023-03-10T10:46:26","modified_gmt":"2023-03-10T09:46:26","slug":"segon-pagament-de-les-colonies-comunitat-de-petits","status":"publish","type":"post","link":"https:\/\/agora.xtec.cat\/escolalavilapalamos\/general\/segon-pagament-de-les-colonies-comunitat-de-petits\/","title":{"rendered":"Segon pagament de les Col\u00f2nies. Comunitat de petits"},"content":{"rendered":"<p>&nbsp;<\/p>\n<p><img loading=\"lazy\" decoding=\"async\" class=\"wp-image-13174 alignright\" src=\"https:\/\/agora.xtec.cat\/escolalavilapalamos\/wp-content\/uploads\/usu897\/2023\/03\/can_maiol_05.jpg\" alt=\"\" width=\"456\" height=\"342\" srcset=\"https:\/\/agora.xtec.cat\/escolalavilapalamos\/wp-content\/uploads\/usu897\/2023\/03\/can_maiol_05.jpg 1600w, https:\/\/agora.xtec.cat\/escolalavilapalamos\/wp-content\/uploads\/usu897\/2023\/03\/can_maiol_05-300x225.jpg 300w, https:\/\/agora.xtec.cat\/escolalavilapalamos\/wp-content\/uploads\/usu897\/2023\/03\/can_maiol_05-1024x768.jpg 1024w, https:\/\/agora.xtec.cat\/escolalavilapalamos\/wp-content\/uploads\/usu897\/2023\/03\/can_maiol_05-768x576.jpg 768w, https:\/\/agora.xtec.cat\/escolalavilapalamos\/wp-content\/uploads\/usu897\/2023\/03\/can_maiol_05-1536x1152.jpg 1536w, https:\/\/agora.xtec.cat\/escolalavilapalamos\/wp-content\/uploads\/usu897\/2023\/03\/can_maiol_05-200x150.jpg 200w\" sizes=\"auto, (max-width: 456px) 100vw, 456px\" \/>El curs 2022-23 la comunitat de petits (I4 i I5) va de <strong>col\u00f2nies a Can Maiol a Sant Andreu Salou. Dates: 20 i 21 d&#8217;abril. <\/strong>El preu \u00e9s de 88 \u20ac. Aix\u00f2 inclou autocar, estada i tallers, i tamb\u00e9 la comissi\u00f3 de La Caixa. <strong>El mes de novembre es va fer un primer pagament de bestreta de 50\u20ac.<br \/>\n<\/strong><\/p>\n<p>Ara s&#8217;ha de fer <strong>el segon pagament de 38 \u20ac mitjan\u00e7ant el codi de barres. <\/strong><strong>Cal indicar els noms i cognoms i curs de l&#8217;alumne. <\/strong><\/p>\n<p>Per\u00edode de pagament:\u00a0<strong>del dilluns 13 al divendres 24 de mar\u00e7 incl\u00f2s<\/strong>.Cal retornar el comprovant d&#8217;ingr\u00e9s a la\/el tutora\/r com a molt tard el divendres 24 de mar\u00e7.<\/p>\n<p><em><strong>Atenci\u00f3 important:<\/strong> En el cas que una fam\u00edlia decideixi que el seu fill\/a no vagi de col\u00f2nies no es retorna la bestreta del primer pagament. En el cas que una fam\u00edlia no hagi pagat la bestreta pot fer el pagament de la totalitat de les col\u00f2nies en aquest segon termini, sempre fins la data del 24 de mar\u00e7. No s&#8217;acceptar\u00e0 nous inscrits per anar de col\u00f2nies passat el 24 de mar\u00e7.<\/em><\/p>\n<p>Us podeu descarregar els codis de barres aqu\u00ed: <a href=\"https:\/\/drive.google.com\/file\/d\/1ZYkri3ms2b0OyXv0_M_G6cj_uFW8FEVP\/view?usp=sharing\">Comunitat de petits (I4 i I5)\u00a0<\/a><\/p>\n","protected":false},"excerpt":{"rendered":"<p>&nbsp;<br \/>\nEl curs 2022-23 la comunitat de petits (I4 i I5) va de col\u00f2nies a Can Maiol a Sant Andreu Salou. Dates: 20 i 21 d&#8217;abril. El preu \u00e9s de 88 \u20ac. Aix\u00f2 inclou autocar, estada i tallers, i tamb\u00e9 la comissi\u00f3 de La Caixa. El&hellip;  <a href=\"https:\/\/agora.xtec.cat\/escolalavilapalamos\/general\/segon-pagament-de-les-colonies-comunitat-de-petits\/\" title=\"Read Segon pagament de les Col\u00f2nies. Comunitat de petits\">Llegeix m\u00e9s\u00bb<\/a><\/p>\n","protected":false},"author":1,"featured_media":13174,"comment_status":"open","ping_status":"closed","sticky":false,"template":"","format":"standard","meta":{"_bbp_topic_count":0,"_bbp_reply_count":0,"_bbp_total_topic_count":0,"_bbp_total_reply_count":0,"_bbp_voice_count":0,"_bbp_anonymous_reply_count":0,"_bbp_topic_count_hidden":0,"_bbp_reply_count_hidden":0,"_bbp_forum_subforum_count":0,"footnotes":""},"categories":[2,1,4],"tags":[],"class_list":["post-13172","post","type-post","status-publish","format-standard","has-post-thumbnail","hentry","category-infantil","category-general","category-portada"],"post_mailing_queue_ids":[],"_links":{"self":[{"href":"https:\/\/agora.xtec.cat\/escolalavilapalamos\/wp-json\/wp\/v2\/posts\/13172","targetHints":{"allow":["GET"]}}],"collection":[{"href":"https:\/\/agora.xtec.cat\/escolalavilapalamos\/wp-json\/wp\/v2\/posts"}],"about":[{"href":"https:\/\/agora.xtec.cat\/escolalavilapalamos\/wp-json\/wp\/v2\/types\/post"}],"author":[{"embeddable":true,"href":"https:\/\/agora.xtec.cat\/escolalavilapalamos\/wp-json\/wp\/v2\/users\/1"}],"replies":[{"embeddable":true,"href":"https:\/\/agora.xtec.cat\/escolalavilapalamos\/wp-json\/wp\/v2\/comments?post=13172"}],"version-history":[{"count":2,"href":"https:\/\/agora.xtec.cat\/escolalavilapalamos\/wp-json\/wp\/v2\/posts\/13172\/revisions"}],"predecessor-version":[{"id":13176,"href":"https:\/\/agora.xtec.cat\/escolalavilapalamos\/wp-json\/wp\/v2\/posts\/13172\/revisions\/13176"}],"wp:featuredmedia":[{"embeddable":true,"href":"https:\/\/agora.xtec.cat\/escolalavilapalamos\/wp-json\/wp\/v2\/media\/13174"}],"wp:attachment":[{"href":"https:\/\/agora.xtec.cat\/escolalavilapalamos\/wp-json\/wp\/v2\/media?parent=13172"}],"wp:term":[{"taxonomy":"category","embeddable":true,"href":"https:\/\/agora.xtec.cat\/escolalavilapalamos\/wp-json\/wp\/v2\/categories?post=13172"},{"taxonomy":"post_tag","embeddable":true,"href":"https:\/\/agora.xtec.cat\/escolalavilapalamos\/wp-json\/wp\/v2\/tags?post=13172"}],"curies":[{"name":"wp","href":"https:\/\/api.w.org\/{rel}","templated":true}]}}