{"id":13077,"date":"2023-03-10T12:44:05","date_gmt":"2023-03-10T11:44:05","guid":{"rendered":"https:\/\/agora.xtec.cat\/escolalavilapalamos\/?p=13077"},"modified":"2023-03-10T12:46:05","modified_gmt":"2023-03-10T11:46:05","slug":"espai-daprenentatge-joc-simbolic","status":"publish","type":"post","link":"https:\/\/agora.xtec.cat\/escolalavilapalamos\/general\/espai-daprenentatge-joc-simbolic\/","title":{"rendered":"ESPAI D&#8217;APRENENTATGE JOC SIMB\u00d2LIC"},"content":{"rendered":"<p><span style=\"font-weight: 400;\"><img loading=\"lazy\" decoding=\"async\" class=\"wp-image-13181 alignright\" src=\"https:\/\/agora.xtec.cat\/escolalavilapalamos\/wp-content\/uploads\/usu897\/2023\/03\/IMG_20230308_222633-2-scaled.jpg\" alt=\"\" width=\"446\" height=\"386\" srcset=\"https:\/\/agora.xtec.cat\/escolalavilapalamos\/wp-content\/uploads\/usu897\/2023\/03\/IMG_20230308_222633-2-scaled.jpg 2560w, https:\/\/agora.xtec.cat\/escolalavilapalamos\/wp-content\/uploads\/usu897\/2023\/03\/IMG_20230308_222633-2-300x259.jpg 300w, https:\/\/agora.xtec.cat\/escolalavilapalamos\/wp-content\/uploads\/usu897\/2023\/03\/IMG_20230308_222633-2-1024x885.jpg 1024w, https:\/\/agora.xtec.cat\/escolalavilapalamos\/wp-content\/uploads\/usu897\/2023\/03\/IMG_20230308_222633-2-768x664.jpg 768w, https:\/\/agora.xtec.cat\/escolalavilapalamos\/wp-content\/uploads\/usu897\/2023\/03\/IMG_20230308_222633-2-1536x1328.jpg 1536w, https:\/\/agora.xtec.cat\/escolalavilapalamos\/wp-content\/uploads\/usu897\/2023\/03\/IMG_20230308_222633-2-2048x1770.jpg 2048w\" sizes=\"auto, (max-width: 446px) 100vw, 446px\" \/>Com ja us vam explicar, una de les principals propostes pedag\u00f2giques de la nostra escola s\u00f3n els <\/span><b>espais d\u2019aprenentatge<\/b><span style=\"font-weight: 400;\">. <\/span><span style=\"font-weight: 400;\">Suposen uns escenaris d\u2019aprenentatge, de comunicaci\u00f3 i de relaci\u00f3 on els infants interactuen i experimenten lliurement amb diferents materials i propostes que sorgeixen d\u2019una tem\u00e0tica. Tot plegat amb alumnes d\u2019altres grups de refer\u00e8ncia i dels tres nivells d&#8217;infantil.\u00a0<\/span><\/p>\n<p><span style=\"font-weight: 400;\">Al llarg d\u2019aquestes setmanes us els anirem presentant tots.<\/span><\/p>\n<p><b>L\u2019ESPAI D&#8217;APRENENTATGE DEL JOC SIMB\u00d2LIC\u00a0<\/b><\/p>\n<p><span style=\"font-weight: 400;\">El joc simb\u00f2lic \u00e9s aquell en el que els nens combinen situacions reals i imagin\u00e0ries, imitant el m\u00f3n que els rodeja. Es tracta de fer \u201ccom si\u201d fossin metges, cuiners, mec\u00e0nics\u2026<\/span><\/p>\n<p><span style=\"font-weight: 400;\">Aquesta activitat els fa viure altres mons, endinsar-se en situacions imagin\u00e0ries que alhora s\u00f3n molt reals. \u00c9s una activitat meravellosa per potenciar la creativitat, la imaginaci\u00f3, el llenguatge i guanyar confian\u00e7a i autoestima.<\/span><\/p>\n<p><span style=\"font-weight: 400;\">A la nostra escola aquest espai compta amb diverses propostes com la casa on hi trobem la cuineta, el menjador, el despatx, l\u2019habitaci\u00f3 de la neteja, les nines, les disfresses i la pizzeria on els infants poden crear les seves pr\u00f2pies pizzes.<\/span><\/p>\n<p><span style=\"font-weight: 400;\">A continuaci\u00f3 us presentem tot un recull d\u2019<a href=\"https:\/\/photos.app.goo.gl\/GuBXJLKKbQTa8Ufs9\" target=\"_blank\" rel=\"noopener\"><strong>imatges<\/strong><\/a> sobre el dia a dia en aquest espai.<\/span><\/p>\n<p>&nbsp;<\/p>\n","protected":false},"excerpt":{"rendered":"<p>Com ja us vam explicar, una de les principals propostes pedag\u00f2giques de la nostra escola s\u00f3n els espais d\u2019aprenentatge. Suposen uns escenaris d\u2019aprenentatge, de comunicaci\u00f3 i de relaci\u00f3 on els infants interactuen i experimenten lliurement amb diferents materials i propostes que sorgeixen d\u2019una tem\u00e0tica. Tot&hellip;  <a href=\"https:\/\/agora.xtec.cat\/escolalavilapalamos\/general\/espai-daprenentatge-joc-simbolic\/\" title=\"Read ESPAI D&#8217;APRENENTATGE JOC SIMB\u00d2LIC\">Llegeix m\u00e9s\u00bb<\/a><\/p>\n","protected":false},"author":128,"featured_media":13180,"comment_status":"open","ping_status":"closed","sticky":false,"template":"","format":"standard","meta":{"_bbp_topic_count":0,"_bbp_reply_count":0,"_bbp_total_topic_count":0,"_bbp_total_reply_count":0,"_bbp_voice_count":0,"_bbp_anonymous_reply_count":0,"_bbp_topic_count_hidden":0,"_bbp_reply_count_hidden":0,"_bbp_forum_subforum_count":0,"footnotes":""},"categories":[2,1,4],"tags":[],"class_list":["post-13077","post","type-post","status-publish","format-standard","has-post-thumbnail","hentry","category-infantil","category-general","category-portada"],"post_mailing_queue_ids":[],"_links":{"self":[{"href":"https:\/\/agora.xtec.cat\/escolalavilapalamos\/wp-json\/wp\/v2\/posts\/13077","targetHints":{"allow":["GET"]}}],"collection":[{"href":"https:\/\/agora.xtec.cat\/escolalavilapalamos\/wp-json\/wp\/v2\/posts"}],"about":[{"href":"https:\/\/agora.xtec.cat\/escolalavilapalamos\/wp-json\/wp\/v2\/types\/post"}],"author":[{"embeddable":true,"href":"https:\/\/agora.xtec.cat\/escolalavilapalamos\/wp-json\/wp\/v2\/users\/128"}],"replies":[{"embeddable":true,"href":"https:\/\/agora.xtec.cat\/escolalavilapalamos\/wp-json\/wp\/v2\/comments?post=13077"}],"version-history":[{"count":3,"href":"https:\/\/agora.xtec.cat\/escolalavilapalamos\/wp-json\/wp\/v2\/posts\/13077\/revisions"}],"predecessor-version":[{"id":13196,"href":"https:\/\/agora.xtec.cat\/escolalavilapalamos\/wp-json\/wp\/v2\/posts\/13077\/revisions\/13196"}],"wp:featuredmedia":[{"embeddable":true,"href":"https:\/\/agora.xtec.cat\/escolalavilapalamos\/wp-json\/wp\/v2\/media\/13180"}],"wp:attachment":[{"href":"https:\/\/agora.xtec.cat\/escolalavilapalamos\/wp-json\/wp\/v2\/media?parent=13077"}],"wp:term":[{"taxonomy":"category","embeddable":true,"href":"https:\/\/agora.xtec.cat\/escolalavilapalamos\/wp-json\/wp\/v2\/categories?post=13077"},{"taxonomy":"post_tag","embeddable":true,"href":"https:\/\/agora.xtec.cat\/escolalavilapalamos\/wp-json\/wp\/v2\/tags?post=13077"}],"curies":[{"name":"wp","href":"https:\/\/api.w.org\/{rel}","templated":true}]}}