{"id":13066,"date":"2023-03-09T08:00:16","date_gmt":"2023-03-09T07:00:16","guid":{"rendered":"https:\/\/agora.xtec.cat\/escolalavilapalamos\/?p=13066"},"modified":"2023-03-09T12:59:45","modified_gmt":"2023-03-09T11:59:45","slug":"20es-jornades-deducacio-i-familia","status":"publish","type":"post","link":"https:\/\/agora.xtec.cat\/escolalavilapalamos\/general\/20es-jornades-deducacio-i-familia\/","title":{"rendered":"20es Jornades d&#8217;Educaci\u00f3 i Fam\u00edlia"},"content":{"rendered":"<p><img loading=\"lazy\" decoding=\"async\" class=\"wp-image-13067 alignright\" src=\"https:\/\/agora.xtec.cat\/escolalavilapalamos\/wp-content\/uploads\/usu897\/2023\/03\/3096.jpg\" alt=\"\" width=\"392\" height=\"308\" srcset=\"https:\/\/agora.xtec.cat\/escolalavilapalamos\/wp-content\/uploads\/usu897\/2023\/03\/3096.jpg 990w, https:\/\/agora.xtec.cat\/escolalavilapalamos\/wp-content\/uploads\/usu897\/2023\/03\/3096-300x235.jpg 300w, https:\/\/agora.xtec.cat\/escolalavilapalamos\/wp-content\/uploads\/usu897\/2023\/03\/3096-768x603.jpg 768w\" sizes=\"auto, (max-width: 392px) 100vw, 392px\" \/>Comencen <strong>les 20es Jornades d&#8217;Educaci\u00f3 i Fam\u00edlia 2020<\/strong>, xerrades adre\u00e7ades a mares, pares i educadors\/es.<br \/>\nLloc: La Gorga. Hora: 20 h. Les confer\u00e8ncies incloses tindran lloc durant els propers tres dijous d\u2019aquest mes de mar\u00e7, amb un programa que enguany compta amb la participaci\u00f3 de l\u2019escriptora i periodista, <strong>M\u00edriam Tirado<\/strong>; el fil\u00f2sof, <strong>Eduard Vallory;<\/strong> i la psic\u00f2loga, <strong>Alba Alfageme<\/strong>. Aquesta activitat formativa i divulgativa que organitza l\u2019\u00e0rea de joventut de l&#8217;ajuntament de Palam\u00f3s, \u00e9s inclosa dins el projecte municipal de ciutat educadora.<\/p>\n<p>Cal reservar l\u2019entrada al web <a href=\"http:\/\/www.lagorga.cat\">www.lagorga.cat<\/a>. amb motiu de la celebraci\u00f3 de la 20a edici\u00f3, l\u2019\u00e0rea de joventut ha preparat una exposici\u00f3 amb les imatges de tots els i totes les conferenciants que han passat per aquesta activitat educativa i formativa durant els seus vint anys d\u2019exist\u00e8ncia.<\/p>\n<p><strong>Dijous 9 de mar\u00e7,<\/strong> <em>L\u00edmits conscients: com establir-los i cr\u00e9ixer amb ells<\/em> amb <strong>M\u00edriam Tirado, <\/strong> escriptora i periodista.<\/p>\n<p><strong>Dijous 16 de mar\u00e7, <\/strong><em>Repensar l&#8217;escola: quin \u00e8xit per a quina vida <\/em>amb <strong>Eduard Vallory, <\/strong>fil\u00f2fof, impulsor de l\u2019alian\u00e7a Escola Nova 21 i president de Catesco.<\/p>\n<p><strong>Dijous 23 de mar\u00e7, <\/strong><em>La socialitzaci\u00f3 dels infants entorn de la perspectiva de g\u00e8nere <\/em>amb <strong>Alba Alfageme, <\/strong>psic\u00f2loga forense, professora del Departament de Psicologia Social a la UdG.<\/p>\n","protected":false},"excerpt":{"rendered":"<p>Comencen les 20es Jornades d&#8217;Educaci\u00f3 i Fam\u00edlia 2020, xerrades adre\u00e7ades a mares, pares i educadors\/es.<br \/>\nLloc: La Gorga. Hora: 20 h. Les confer\u00e8ncies incloses tindran lloc durant els propers tres dijous d\u2019aquest mes de mar\u00e7, amb un programa que enguany compta amb la participaci\u00f3 de l\u2019escriptora&hellip;  <a href=\"https:\/\/agora.xtec.cat\/escolalavilapalamos\/general\/20es-jornades-deducacio-i-familia\/\" title=\"Read 20es Jornades d&#8217;Educaci\u00f3 i Fam\u00edlia\">Llegeix m\u00e9s\u00bb<\/a><\/p>\n","protected":false},"author":1,"featured_media":13067,"comment_status":"open","ping_status":"closed","sticky":false,"template":"","format":"standard","meta":{"_bbp_topic_count":0,"_bbp_reply_count":0,"_bbp_total_topic_count":0,"_bbp_total_reply_count":0,"_bbp_voice_count":0,"_bbp_anonymous_reply_count":0,"_bbp_topic_count_hidden":0,"_bbp_reply_count_hidden":0,"_bbp_forum_subforum_count":0,"footnotes":""},"categories":[1,4],"tags":[],"class_list":["post-13066","post","type-post","status-publish","format-standard","has-post-thumbnail","hentry","category-general","category-portada"],"post_mailing_queue_ids":[],"_links":{"self":[{"href":"https:\/\/agora.xtec.cat\/escolalavilapalamos\/wp-json\/wp\/v2\/posts\/13066","targetHints":{"allow":["GET"]}}],"collection":[{"href":"https:\/\/agora.xtec.cat\/escolalavilapalamos\/wp-json\/wp\/v2\/posts"}],"about":[{"href":"https:\/\/agora.xtec.cat\/escolalavilapalamos\/wp-json\/wp\/v2\/types\/post"}],"author":[{"embeddable":true,"href":"https:\/\/agora.xtec.cat\/escolalavilapalamos\/wp-json\/wp\/v2\/users\/1"}],"replies":[{"embeddable":true,"href":"https:\/\/agora.xtec.cat\/escolalavilapalamos\/wp-json\/wp\/v2\/comments?post=13066"}],"version-history":[{"count":3,"href":"https:\/\/agora.xtec.cat\/escolalavilapalamos\/wp-json\/wp\/v2\/posts\/13066\/revisions"}],"predecessor-version":[{"id":13070,"href":"https:\/\/agora.xtec.cat\/escolalavilapalamos\/wp-json\/wp\/v2\/posts\/13066\/revisions\/13070"}],"wp:featuredmedia":[{"embeddable":true,"href":"https:\/\/agora.xtec.cat\/escolalavilapalamos\/wp-json\/wp\/v2\/media\/13067"}],"wp:attachment":[{"href":"https:\/\/agora.xtec.cat\/escolalavilapalamos\/wp-json\/wp\/v2\/media?parent=13066"}],"wp:term":[{"taxonomy":"category","embeddable":true,"href":"https:\/\/agora.xtec.cat\/escolalavilapalamos\/wp-json\/wp\/v2\/categories?post=13066"},{"taxonomy":"post_tag","embeddable":true,"href":"https:\/\/agora.xtec.cat\/escolalavilapalamos\/wp-json\/wp\/v2\/tags?post=13066"}],"curies":[{"name":"wp","href":"https:\/\/api.w.org\/{rel}","templated":true}]}}