{"id":13060,"date":"2023-03-08T11:39:20","date_gmt":"2023-03-08T10:39:20","guid":{"rendered":"https:\/\/agora.xtec.cat\/escolalavilapalamos\/?p=13060"},"modified":"2023-03-09T12:57:39","modified_gmt":"2023-03-09T11:57:39","slug":"dia-internacional-de-les-dones-2023","status":"publish","type":"post","link":"https:\/\/agora.xtec.cat\/escolalavilapalamos\/portada\/dia-internacional-de-les-dones-2023\/","title":{"rendered":"Dia Internacional de les Dones 2023"},"content":{"rendered":"<div class=\"border-start bgGrey\">\n<div id=\"impacteContainer\">\n<div class=\"fpca-subcapcalera \">\n<div class=\"NG-menu\">\n<div class=\"NG-container\">\n<div class=\"NG-menu__wrapper\">\n<div class=\"NG-menu__wrapper_title\" role=\"main\">\n<p><img loading=\"lazy\" decoding=\"async\" class=\"wp-image-13064 alignright\" src=\"https:\/\/agora.xtec.cat\/escolalavilapalamos\/wp-content\/uploads\/usu897\/2023\/03\/WhatsApp-Image-2023-03-08-at-11.55.23.jpeg\" alt=\"\" width=\"455\" height=\"342\" srcset=\"https:\/\/agora.xtec.cat\/escolalavilapalamos\/wp-content\/uploads\/usu897\/2023\/03\/WhatsApp-Image-2023-03-08-at-11.55.23.jpeg 1024w, https:\/\/agora.xtec.cat\/escolalavilapalamos\/wp-content\/uploads\/usu897\/2023\/03\/WhatsApp-Image-2023-03-08-at-11.55.23-300x225.jpeg 300w, https:\/\/agora.xtec.cat\/escolalavilapalamos\/wp-content\/uploads\/usu897\/2023\/03\/WhatsApp-Image-2023-03-08-at-11.55.23-768x576.jpeg 768w, https:\/\/agora.xtec.cat\/escolalavilapalamos\/wp-content\/uploads\/usu897\/2023\/03\/WhatsApp-Image-2023-03-08-at-11.55.23-200x150.jpeg 200w\" sizes=\"auto, (max-width: 455px) 100vw, 455px\" \/>Des del Departament d\u2019Educaci\u00f3, en el Dia Internacional de les Dones, ens sumem al missatge d\u2019ONU Dones <strong>Per un m\u00f3n digital inclusiu: Innovaci\u00f3 i tecnologia per a la igualtat de g\u00e8nere<\/strong> i proposem activitats per sensibilitzar l\u2019alumnat i tota la comunitat educativa sobre els drets de les dones i la necessitat d\u2019un m\u00f3n digital inclusiu.<\/p>\n<p>En el nostre entorn, treballem per la igualtat d\u2019oportunitats en l\u2019acc\u00e9s a la tecnologia de tot l\u2019alumnat i per evitar la viol\u00e8ncia digital vinculada als estereotips de g\u00e8nere i al control de la sexualitat de les noies i les dones.<\/p>\n<p><span class=\"css-901oao css-16my406 r-poiln3 r-bcqeeo r-qvutc0\">A l&#8217; <a href=\"https:\/\/xtec.gencat.cat\/ca\/centres\/celebracions\/2023\/dia-internacional-de-les-dones-2023\/\">xtec <\/a><\/span><span class=\"css-901oao css-16my406 r-poiln3 r-bcqeeo r-qvutc0\">trobareu tot de recursos i material com contes, pel\u00b7l\u00edcules o itineraris per treballar amb el vostre alumnat a classe.<\/span><\/p>\n<p><img loading=\"lazy\" decoding=\"async\" class=\"wp-image-13061 alignleft\" src=\"https:\/\/agora.xtec.cat\/escolalavilapalamos\/wp-content\/uploads\/usu897\/2023\/03\/FqrgU-pXoAMEjNp.jpg\" alt=\"\" width=\"486\" height=\"274\" srcset=\"https:\/\/agora.xtec.cat\/escolalavilapalamos\/wp-content\/uploads\/usu897\/2023\/03\/FqrgU-pXoAMEjNp.jpg 553w, https:\/\/agora.xtec.cat\/escolalavilapalamos\/wp-content\/uploads\/usu897\/2023\/03\/FqrgU-pXoAMEjNp-300x169.jpg 300w\" sizes=\"auto, (max-width: 486px) 100vw, 486px\" \/><\/p>\n<\/div>\n<\/div>\n<\/div>\n<\/div>\n<\/div>\n<\/div>\n<\/div>\n","protected":false},"excerpt":{"rendered":"<p>Des del Departament d\u2019Educaci\u00f3, en el Dia Internacional de les Dones, ens sumem al missatge d\u2019ONU Dones Per un m\u00f3n digital inclusiu: Innovaci\u00f3 i tecnologia per a la igualtat de g\u00e8nere i proposem activitats per sensibilitzar l\u2019alumnat i tota la comunitat educativa sobre els drets&hellip;  <a href=\"https:\/\/agora.xtec.cat\/escolalavilapalamos\/portada\/dia-internacional-de-les-dones-2023\/\" title=\"Read Dia Internacional de les Dones 2023\">Llegeix m\u00e9s\u00bb<\/a><\/p>\n","protected":false},"author":1,"featured_media":13061,"comment_status":"open","ping_status":"closed","sticky":false,"template":"","format":"standard","meta":{"_bbp_topic_count":0,"_bbp_reply_count":0,"_bbp_total_topic_count":0,"_bbp_total_reply_count":0,"_bbp_voice_count":0,"_bbp_anonymous_reply_count":0,"_bbp_topic_count_hidden":0,"_bbp_reply_count_hidden":0,"_bbp_forum_subforum_count":0,"footnotes":""},"categories":[4],"tags":[],"class_list":["post-13060","post","type-post","status-publish","format-standard","has-post-thumbnail","hentry","category-portada"],"post_mailing_queue_ids":[],"_links":{"self":[{"href":"https:\/\/agora.xtec.cat\/escolalavilapalamos\/wp-json\/wp\/v2\/posts\/13060","targetHints":{"allow":["GET"]}}],"collection":[{"href":"https:\/\/agora.xtec.cat\/escolalavilapalamos\/wp-json\/wp\/v2\/posts"}],"about":[{"href":"https:\/\/agora.xtec.cat\/escolalavilapalamos\/wp-json\/wp\/v2\/types\/post"}],"author":[{"embeddable":true,"href":"https:\/\/agora.xtec.cat\/escolalavilapalamos\/wp-json\/wp\/v2\/users\/1"}],"replies":[{"embeddable":true,"href":"https:\/\/agora.xtec.cat\/escolalavilapalamos\/wp-json\/wp\/v2\/comments?post=13060"}],"version-history":[{"count":2,"href":"https:\/\/agora.xtec.cat\/escolalavilapalamos\/wp-json\/wp\/v2\/posts\/13060\/revisions"}],"predecessor-version":[{"id":13065,"href":"https:\/\/agora.xtec.cat\/escolalavilapalamos\/wp-json\/wp\/v2\/posts\/13060\/revisions\/13065"}],"wp:featuredmedia":[{"embeddable":true,"href":"https:\/\/agora.xtec.cat\/escolalavilapalamos\/wp-json\/wp\/v2\/media\/13061"}],"wp:attachment":[{"href":"https:\/\/agora.xtec.cat\/escolalavilapalamos\/wp-json\/wp\/v2\/media?parent=13060"}],"wp:term":[{"taxonomy":"category","embeddable":true,"href":"https:\/\/agora.xtec.cat\/escolalavilapalamos\/wp-json\/wp\/v2\/categories?post=13060"},{"taxonomy":"post_tag","embeddable":true,"href":"https:\/\/agora.xtec.cat\/escolalavilapalamos\/wp-json\/wp\/v2\/tags?post=13060"}],"curies":[{"name":"wp","href":"https:\/\/api.w.org\/{rel}","templated":true}]}}