{"id":13055,"date":"2023-03-08T11:27:51","date_gmt":"2023-03-08T10:27:51","guid":{"rendered":"https:\/\/agora.xtec.cat\/escolalavilapalamos\/?p=13055"},"modified":"2023-03-08T11:31:49","modified_gmt":"2023-03-08T10:31:49","slug":"avaluacio-de-la-comunicacio-oral-educacio-primaria","status":"publish","type":"post","link":"https:\/\/agora.xtec.cat\/escolalavilapalamos\/general\/avaluacio-de-la-comunicacio-oral-educacio-primaria\/","title":{"rendered":"Avaluaci\u00f3 de la Comunicaci\u00f3 Oral educaci\u00f3 prim\u00e0ria"},"content":{"rendered":"<p><img loading=\"lazy\" decoding=\"async\" class=\"wp-image-13057 alignright\" src=\"https:\/\/agora.xtec.cat\/escolalavilapalamos\/wp-content\/uploads\/usu897\/2023\/03\/Sense-titol.jpg\" alt=\"\" width=\"411\" height=\"334\" srcset=\"https:\/\/agora.xtec.cat\/escolalavilapalamos\/wp-content\/uploads\/usu897\/2023\/03\/Sense-titol.jpg 991w, https:\/\/agora.xtec.cat\/escolalavilapalamos\/wp-content\/uploads\/usu897\/2023\/03\/Sense-titol-300x244.jpg 300w, https:\/\/agora.xtec.cat\/escolalavilapalamos\/wp-content\/uploads\/usu897\/2023\/03\/Sense-titol-768x624.jpg 768w\" sizes=\"auto, (max-width: 411px) 100vw, 411px\" \/>Entre les mesures que s\u2019han empr\u00e8s per a millorar els resultats del sistema educatiu de Catalunya, el Departament d\u2019Educaci\u00f3<strong> programa una prova d\u2019avaluaci\u00f3 de la comunicaci\u00f3 oral de l\u2019alumnat de sis\u00e8 curs de l\u2019educaci\u00f3 prim\u00e0ria. <\/strong>Els resultats de la prova completen i enriqueixen les diferents fonts d\u2019informaci\u00f3 de qu\u00e8 disposa el centre per identificar en cada alumne\/a el grau d\u2019assoliment. Permetran que cada centre \u2013fent \u00fas de l\u2019autonomia que li atorga la Llei d\u2019Educaci\u00f3 de Catalunya (LEC)\u2013 pugui potenciar els seus punts forts i corregir-ne els febles.<\/p>\n<p>Les compet\u00e8ncies en llengua catalana, llengua castellana i llengua anglesa es refereixen a l&#8217;expressi\u00f3 oral. La prova d\u2019avaluaci\u00f3 de la comunicaci\u00f3 oral en llengua catalana \u00e9s censal, \u00e9s a dir, la realitzen tots els centres. La prova d\u2019avaluaci\u00f3 de la comunicaci\u00f3 oral en llengua castellana i en llengua anglesa \u00e9s mostral i la realitzen 80 centres de tota Catalunya.<\/p>\n<p>La prova oferir\u00e0 informaci\u00f3 de l\u2019alumnat i dels centres. Abans de finalitzar el curs es comunicaran els resultats de les proves als centres. Les dades concretes de cada centre i alumne\/a seran confidencials. Els resultats, juntament amb els de les altres avaluacions de qu\u00e8 disposi el centre, es tindran en compte per a valorar si l\u2019alumnat ha assolit els objectius de l\u2019etapa, tot i que no determinaran la superaci\u00f3 del curs ni de l\u2019etapa. Aquestes decisions corresponen al centre educatiu.<\/p>\n<p><strong>El termini d\u2019aplicaci\u00f3 d\u2019aquesta prova \u00e9s entre els dies 1 i 31 de mar\u00e7 de 2023. <\/strong>Cada alumne\/a far\u00e0 la prova al seu centre,<\/p>\n<p>La prova t\u00e9 car\u00e0cter formatiu i orientador per als centres. \u00c9s una activitat educativa i, com a tal, t\u00e9 car\u00e0cter obligatori, at\u00e8s que est\u00e0 configurada com un dret i un deure dels alumnes.<\/p>\n<p>Tota la informaci\u00f3 <a href=\"https:\/\/tokapp.com\/url\/cfyd9ydo\">us la podeu descarregar aqu\u00ed\u00a0\u00a0<\/a><\/p>\n","protected":false},"excerpt":{"rendered":"<p>Entre les mesures que s\u2019han empr\u00e8s per a millorar els resultats del sistema educatiu de Catalunya, el Departament d\u2019Educaci\u00f3 programa una prova d\u2019avaluaci\u00f3 de la comunicaci\u00f3 oral de l\u2019alumnat de sis\u00e8 curs de l\u2019educaci\u00f3 prim\u00e0ria. Els resultats de la prova completen i enriqueixen les diferents&hellip;  <a href=\"https:\/\/agora.xtec.cat\/escolalavilapalamos\/general\/avaluacio-de-la-comunicacio-oral-educacio-primaria\/\" title=\"Read Avaluaci\u00f3 de la Comunicaci\u00f3 Oral educaci\u00f3 prim\u00e0ria\">Llegeix m\u00e9s\u00bb<\/a><\/p>\n","protected":false},"author":1,"featured_media":13057,"comment_status":"open","ping_status":"closed","sticky":false,"template":"","format":"standard","meta":{"_bbp_topic_count":0,"_bbp_reply_count":0,"_bbp_total_topic_count":0,"_bbp_total_reply_count":0,"_bbp_voice_count":0,"_bbp_anonymous_reply_count":0,"_bbp_topic_count_hidden":0,"_bbp_reply_count_hidden":0,"_bbp_forum_subforum_count":0,"footnotes":""},"categories":[128,1,4],"tags":[],"class_list":["post-13055","post","type-post","status-publish","format-standard","has-post-thumbnail","hentry","category-comunitat-de-grans","category-general","category-portada"],"post_mailing_queue_ids":[],"_links":{"self":[{"href":"https:\/\/agora.xtec.cat\/escolalavilapalamos\/wp-json\/wp\/v2\/posts\/13055","targetHints":{"allow":["GET"]}}],"collection":[{"href":"https:\/\/agora.xtec.cat\/escolalavilapalamos\/wp-json\/wp\/v2\/posts"}],"about":[{"href":"https:\/\/agora.xtec.cat\/escolalavilapalamos\/wp-json\/wp\/v2\/types\/post"}],"author":[{"embeddable":true,"href":"https:\/\/agora.xtec.cat\/escolalavilapalamos\/wp-json\/wp\/v2\/users\/1"}],"replies":[{"embeddable":true,"href":"https:\/\/agora.xtec.cat\/escolalavilapalamos\/wp-json\/wp\/v2\/comments?post=13055"}],"version-history":[{"count":3,"href":"https:\/\/agora.xtec.cat\/escolalavilapalamos\/wp-json\/wp\/v2\/posts\/13055\/revisions"}],"predecessor-version":[{"id":13059,"href":"https:\/\/agora.xtec.cat\/escolalavilapalamos\/wp-json\/wp\/v2\/posts\/13055\/revisions\/13059"}],"wp:featuredmedia":[{"embeddable":true,"href":"https:\/\/agora.xtec.cat\/escolalavilapalamos\/wp-json\/wp\/v2\/media\/13057"}],"wp:attachment":[{"href":"https:\/\/agora.xtec.cat\/escolalavilapalamos\/wp-json\/wp\/v2\/media?parent=13055"}],"wp:term":[{"taxonomy":"category","embeddable":true,"href":"https:\/\/agora.xtec.cat\/escolalavilapalamos\/wp-json\/wp\/v2\/categories?post=13055"},{"taxonomy":"post_tag","embeddable":true,"href":"https:\/\/agora.xtec.cat\/escolalavilapalamos\/wp-json\/wp\/v2\/tags?post=13055"}],"curies":[{"name":"wp","href":"https:\/\/api.w.org\/{rel}","templated":true}]}}