{"id":13032,"date":"2023-03-02T14:38:29","date_gmt":"2023-03-02T13:38:29","guid":{"rendered":"https:\/\/agora.xtec.cat\/escolalavilapalamos\/?p=13032"},"modified":"2023-03-03T10:45:39","modified_gmt":"2023-03-03T09:45:39","slug":"la-dentista-a-lescola-2","status":"publish","type":"post","link":"https:\/\/agora.xtec.cat\/escolalavilapalamos\/portada\/la-dentista-a-lescola-2\/","title":{"rendered":"La dentista a l&#8217;escola"},"content":{"rendered":"<p><a href=\"https:\/\/agora.xtec.cat\/escolalavilapalamos\/wp-content\/uploads\/usu897\/2017\/04\/dental5B15D.gif.jpg\"><img loading=\"lazy\" decoding=\"async\" class=\"wp-image-1228 alignright\" src=\"https:\/\/agora.xtec.cat\/escolalavilapalamos\/wp-content\/uploads\/usu897\/2017\/04\/dental5B15D.gif.jpg\" alt=\"\" width=\"262\" height=\"251\" srcset=\"https:\/\/agora.xtec.cat\/escolalavilapalamos\/wp-content\/uploads\/usu897\/2017\/04\/dental5B15D.gif.jpg 500w, https:\/\/agora.xtec.cat\/escolalavilapalamos\/wp-content\/uploads\/usu897\/2017\/04\/dental5B15D.gif-300x288.jpg 300w\" sizes=\"auto, (max-width: 262px) 100vw, 262px\" \/><\/a>El mes de mar\u00e7 el servei d&#8217;odontologia de l&#8217;\u00c0rea B\u00e0sica de Salut de Palam\u00f3s ve a l&#8217;escola a fer <strong>les revisions bucodentals<\/strong>. Les revisions es faran als alumnes de 1r i 6\u00e8 a la mateixa escola. Passada la revisi\u00f3 les fam\u00edlies rebran un informe del nen\/a.<\/p>\n<p>Cada curs escolar, els professionals d\u2019odontologia del Centre d\u2019Atenci\u00f3 Prim\u00e0ria (CAP) es desplacen a les escoles per fer les revisions de salut bucodental als infants i tallers de promoci\u00f3 de la salut bucodental. Aquestes activitats formen part del Programa de salut bucodental que permet dur a terme la detecci\u00f3 preco\u00e7 de la c\u00e0ries i refor\u00e7ar el consell per prevenir-la en infants i fam\u00edlies, i des del 2008, podeu anar al CAP per fer el tractament en dents permanents en menors de 15 anys.<\/p>\n<p>A la Regi\u00f3 Sanit\u00e0ria Girona, el programa durant el curs 2018-2019 va mostrar, entre d\u2019altres, els resultats seg\u00fcents: un 39,9% de l\u2019alumnat de primer de prim\u00e0ria i un 35,8% de l\u2019alumnat de 6\u00e8 de prim\u00e0ria estaven afectats de c\u00e0ries, mentre que en 82 de 305 escoles el percentatge d\u2019alumnat de 1r de prim\u00e0ria afectats de c\u00e0ries superava el 50%.<\/p>\n<p>Les revisions es faran a l\u2019escola de manera segura, seguint un protocol dissenyat expressament per fer-les amb seguretat.\u00a0 Els professionals d\u2019odontologia que accedeixin als centres per dur a terme les revisions hauran de fer \u00fas dels equips de protecci\u00f3 individual indicats a tal efecte. L\u2019equip de neteja del centre educatiu s\u2019ocupar\u00e0 de la neteja i desinfecci\u00f3 de l\u2019espai abans i despr\u00e9s de les revisions.<\/p>\n<p>Us demanem que ompliu el requadre d\u2019<a href=\"https:\/\/tokapp.com\/url\/ebfkqnau\"><strong>autoritzaci\u00f3 que porten els alumnes<\/strong><\/a>\u00a0a casa i que el retorneu a l\u2019escola. Despr\u00e9s de la revisi\u00f3 rebreu un informe individualitzat amb el resultat.<\/p>\n<p>\u00c9s recomanable que el dia de la revisi\u00f3 l\u2019infant s\u2019hagi rentat les dents.<\/p>\n<p>M\u00e9s informaci\u00f3 al <a href=\"http:\/\/canalsalut.gencat.cat\/ca\/vida-saludable\/etapes-de-la-vida\/infants_adolescencia\/#bloc7\">Canal salut <\/a>de la Generalitat de Catalunya<\/p>\n","protected":false},"excerpt":{"rendered":"<p><a href=\"https:\/\/agora.xtec.cat\/escolalavilapalamos\/wp-content\/uploads\/usu897\/2017\/04\/dental5B15D.gif.jpg\"><\/a>El mes de mar\u00e7 el servei d&#8217;odontologia de l&#8217;\u00c0rea B\u00e0sica de Salut de Palam\u00f3s ve a l&#8217;escola a fer les revisions bucodentals. Les revisions es faran als alumnes de 1r i 6\u00e8 a la mateixa escola. Passada la revisi\u00f3 les fam\u00edlies rebran un informe&hellip;  <a href=\"https:\/\/agora.xtec.cat\/escolalavilapalamos\/portada\/la-dentista-a-lescola-2\/\" title=\"Read La dentista a l&#8217;escola\">Llegeix m\u00e9s\u00bb<\/a><\/p>\n","protected":false},"author":1,"featured_media":13033,"comment_status":"open","ping_status":"closed","sticky":false,"template":"","format":"standard","meta":{"_bbp_topic_count":0,"_bbp_reply_count":0,"_bbp_total_topic_count":0,"_bbp_total_reply_count":0,"_bbp_voice_count":0,"_bbp_anonymous_reply_count":0,"_bbp_topic_count_hidden":0,"_bbp_reply_count_hidden":0,"_bbp_forum_subforum_count":0,"footnotes":""},"categories":[128,127,4],"tags":[],"class_list":["post-13032","post","type-post","status-publish","format-standard","has-post-thumbnail","hentry","category-comunitat-de-grans","category-comunitat-de-mitjans","category-portada"],"post_mailing_queue_ids":[],"_links":{"self":[{"href":"https:\/\/agora.xtec.cat\/escolalavilapalamos\/wp-json\/wp\/v2\/posts\/13032","targetHints":{"allow":["GET"]}}],"collection":[{"href":"https:\/\/agora.xtec.cat\/escolalavilapalamos\/wp-json\/wp\/v2\/posts"}],"about":[{"href":"https:\/\/agora.xtec.cat\/escolalavilapalamos\/wp-json\/wp\/v2\/types\/post"}],"author":[{"embeddable":true,"href":"https:\/\/agora.xtec.cat\/escolalavilapalamos\/wp-json\/wp\/v2\/users\/1"}],"replies":[{"embeddable":true,"href":"https:\/\/agora.xtec.cat\/escolalavilapalamos\/wp-json\/wp\/v2\/comments?post=13032"}],"version-history":[{"count":1,"href":"https:\/\/agora.xtec.cat\/escolalavilapalamos\/wp-json\/wp\/v2\/posts\/13032\/revisions"}],"predecessor-version":[{"id":13034,"href":"https:\/\/agora.xtec.cat\/escolalavilapalamos\/wp-json\/wp\/v2\/posts\/13032\/revisions\/13034"}],"wp:featuredmedia":[{"embeddable":true,"href":"https:\/\/agora.xtec.cat\/escolalavilapalamos\/wp-json\/wp\/v2\/media\/13033"}],"wp:attachment":[{"href":"https:\/\/agora.xtec.cat\/escolalavilapalamos\/wp-json\/wp\/v2\/media?parent=13032"}],"wp:term":[{"taxonomy":"category","embeddable":true,"href":"https:\/\/agora.xtec.cat\/escolalavilapalamos\/wp-json\/wp\/v2\/categories?post=13032"},{"taxonomy":"post_tag","embeddable":true,"href":"https:\/\/agora.xtec.cat\/escolalavilapalamos\/wp-json\/wp\/v2\/tags?post=13032"}],"curies":[{"name":"wp","href":"https:\/\/api.w.org\/{rel}","templated":true}]}}