{"id":13028,"date":"2023-03-03T10:40:51","date_gmt":"2023-03-03T09:40:51","guid":{"rendered":"https:\/\/agora.xtec.cat\/escolalavilapalamos\/?p=13028"},"modified":"2023-03-03T19:07:14","modified_gmt":"2023-03-03T18:07:14","slug":"toquem-el-piano","status":"publish","type":"post","link":"https:\/\/agora.xtec.cat\/escolalavilapalamos\/general\/toquem-el-piano\/","title":{"rendered":"Toquem el piano"},"content":{"rendered":"<p><img loading=\"lazy\" decoding=\"async\" class=\"wp-image-13029 alignright\" src=\"https:\/\/agora.xtec.cat\/escolalavilapalamos\/wp-content\/uploads\/usu897\/2023\/03\/Diseno-sin-titulo.png\" alt=\"\" width=\"436\" height=\"349\" srcset=\"https:\/\/agora.xtec.cat\/escolalavilapalamos\/wp-content\/uploads\/usu897\/2023\/03\/Diseno-sin-titulo.png 1500w, https:\/\/agora.xtec.cat\/escolalavilapalamos\/wp-content\/uploads\/usu897\/2023\/03\/Diseno-sin-titulo-300x240.png 300w, https:\/\/agora.xtec.cat\/escolalavilapalamos\/wp-content\/uploads\/usu897\/2023\/03\/Diseno-sin-titulo-1024x819.png 1024w, https:\/\/agora.xtec.cat\/escolalavilapalamos\/wp-content\/uploads\/usu897\/2023\/03\/Diseno-sin-titulo-768x614.png 768w\" sizes=\"auto, (max-width: 436px) 100vw, 436px\" \/>Seguim treballant i descobrint la m\u00fasica a trav\u00e9s de can\u00e7ons, dels sons, dels instruments&#8230;<\/p>\n<p>A grans ens comencem a atrevir a crear les nostres pr\u00f2pies melodies, utilitzant ritme i notes. Els gravarem amb pianos virtuals i aix\u00ed podrem guardar-nos les nostres composicions.<\/p>\n<p>Aprofitem tamb\u00e9 que a les classes tenim companys i companyes que toquen el piano i per ensenyar-nos diferents peces. Ho fan tots i totes s\u00faper b\u00e9!<\/p>\n<p>Per altra banda, els i les alumnes de 1r estem preparant-nos per la cantata interescolar que tindr\u00e0 lloc el divendres 31 de mar\u00e7. Tenim moltes ganes de pujar a l\u2019escenari!!<\/p>\n<p>Per \u00faltim, des de l\u2019inici hem anat aprenent diferents can\u00e7ons amb percussi\u00f3 corporal. Aquest mes de febrer l\u2019alumnat de 2n fins a 6\u00e8 hem apr\u00e8s la coreografia de la can\u00e7\u00f3 <strong><em>Si tothom calla<\/em> de Gertrudis<\/strong> per poder-la ballar tots i totes juntes quan soni a l\u2019altaveu a l\u2019estona de pati.<\/p>\n<p>Us la deixo compartida perqu\u00e8 la pugueu ballar tamb\u00e9 tots i totes a casa i aix\u00ed fer m\u00fasica plegades!!<\/p>\n<p><iframe loading=\"lazy\" src=\"\/\/www.youtube.com\/embed\/qQKPzc9keTs\" width=\"560\" height=\"314\" allowfullscreen=\"allowfullscreen\"><\/iframe><\/p>\n<p style=\"text-align: center;\">\n","protected":false},"excerpt":{"rendered":"<p>Seguim treballant i descobrint la m\u00fasica a trav\u00e9s de can\u00e7ons, dels sons, dels instruments&#8230;<br \/>\nA grans ens comencem a atrevir a crear les nostres pr\u00f2pies melodies, utilitzant ritme i notes. Els gravarem amb pianos virtuals i aix\u00ed podrem guardar-nos les nostres composicions.<br \/>\nAprofitem tamb\u00e9 que a les&hellip;  <a href=\"https:\/\/agora.xtec.cat\/escolalavilapalamos\/general\/toquem-el-piano\/\" title=\"Read Toquem el piano\">Llegeix m\u00e9s\u00bb<\/a><\/p>\n","protected":false},"author":5,"featured_media":13029,"comment_status":"open","ping_status":"closed","sticky":false,"template":"","format":"standard","meta":{"_bbp_topic_count":0,"_bbp_reply_count":0,"_bbp_total_topic_count":0,"_bbp_total_reply_count":0,"_bbp_voice_count":0,"_bbp_anonymous_reply_count":0,"_bbp_topic_count_hidden":0,"_bbp_reply_count_hidden":0,"_bbp_forum_subforum_count":0,"footnotes":""},"categories":[1,68,4],"tags":[],"class_list":["post-13028","post","type-post","status-publish","format-standard","has-post-thumbnail","hentry","category-general","category-musica","category-portada"],"post_mailing_queue_ids":[],"_links":{"self":[{"href":"https:\/\/agora.xtec.cat\/escolalavilapalamos\/wp-json\/wp\/v2\/posts\/13028","targetHints":{"allow":["GET"]}}],"collection":[{"href":"https:\/\/agora.xtec.cat\/escolalavilapalamos\/wp-json\/wp\/v2\/posts"}],"about":[{"href":"https:\/\/agora.xtec.cat\/escolalavilapalamos\/wp-json\/wp\/v2\/types\/post"}],"author":[{"embeddable":true,"href":"https:\/\/agora.xtec.cat\/escolalavilapalamos\/wp-json\/wp\/v2\/users\/5"}],"replies":[{"embeddable":true,"href":"https:\/\/agora.xtec.cat\/escolalavilapalamos\/wp-json\/wp\/v2\/comments?post=13028"}],"version-history":[{"count":3,"href":"https:\/\/agora.xtec.cat\/escolalavilapalamos\/wp-json\/wp\/v2\/posts\/13028\/revisions"}],"predecessor-version":[{"id":13044,"href":"https:\/\/agora.xtec.cat\/escolalavilapalamos\/wp-json\/wp\/v2\/posts\/13028\/revisions\/13044"}],"wp:featuredmedia":[{"embeddable":true,"href":"https:\/\/agora.xtec.cat\/escolalavilapalamos\/wp-json\/wp\/v2\/media\/13029"}],"wp:attachment":[{"href":"https:\/\/agora.xtec.cat\/escolalavilapalamos\/wp-json\/wp\/v2\/media?parent=13028"}],"wp:term":[{"taxonomy":"category","embeddable":true,"href":"https:\/\/agora.xtec.cat\/escolalavilapalamos\/wp-json\/wp\/v2\/categories?post=13028"},{"taxonomy":"post_tag","embeddable":true,"href":"https:\/\/agora.xtec.cat\/escolalavilapalamos\/wp-json\/wp\/v2\/tags?post=13028"}],"curies":[{"name":"wp","href":"https:\/\/api.w.org\/{rel}","templated":true}]}}