{"id":13021,"date":"2023-03-02T10:27:18","date_gmt":"2023-03-02T09:27:18","guid":{"rendered":"https:\/\/agora.xtec.cat\/escolalavilapalamos\/?p=13021"},"modified":"2023-03-02T10:27:18","modified_gmt":"2023-03-02T09:27:18","slug":"quin-embolic-melic-a-3r","status":"publish","type":"post","link":"https:\/\/agora.xtec.cat\/escolalavilapalamos\/portada\/quin-embolic-melic-a-3r\/","title":{"rendered":"Quin embolic melic a 3r"},"content":{"rendered":"<p><img loading=\"lazy\" decoding=\"async\" class=\"wp-image-13022  alignright\" src=\"https:\/\/agora.xtec.cat\/escolalavilapalamos\/wp-content\/uploads\/usu897\/2023\/03\/WhatsApp-Image-2023-03-02-at-10.18.15.jpeg\" alt=\"\" width=\"397\" height=\"298\" srcset=\"https:\/\/agora.xtec.cat\/escolalavilapalamos\/wp-content\/uploads\/usu897\/2023\/03\/WhatsApp-Image-2023-03-02-at-10.18.15.jpeg 1024w, https:\/\/agora.xtec.cat\/escolalavilapalamos\/wp-content\/uploads\/usu897\/2023\/03\/WhatsApp-Image-2023-03-02-at-10.18.15-300x225.jpeg 300w, https:\/\/agora.xtec.cat\/escolalavilapalamos\/wp-content\/uploads\/usu897\/2023\/03\/WhatsApp-Image-2023-03-02-at-10.18.15-768x576.jpeg 768w, https:\/\/agora.xtec.cat\/escolalavilapalamos\/wp-content\/uploads\/usu897\/2023\/03\/WhatsApp-Image-2023-03-02-at-10.18.15-200x150.jpeg 200w\" sizes=\"auto, (max-width: 397px) 100vw, 397px\" \/>Dimecres 1 de mar\u00e7, els alumnes de 3r han vist l&#8217;obra <strong><em>Quin embolic melic<\/em><\/strong>, de\u00a0<a href=\"http:\/\/www.laminuscula.cat\/\"><strong> La companyia de teatre \u201cLa Min\u00fascula\u201d <\/strong><\/a>per treballar la perspectiva de g\u00e8nere i la coeducaci\u00f3.<\/p>\n<p>En aquestes\u00a0edats els infants desenvolupen la seva identitat de g\u00e8nere, \u00e9s quan s&#8217;identifiquen amb m\u00e9s claredat amb comportaments i actituds associades a homes i a dones i poden recon\u00e8ixer possibles situacions de desigualtat o discriminaci\u00f3. A\u00a0trav\u00e9s d&#8217;aquest i altres\u00a0<strong>contes sobre coeducaci\u00f3<\/strong>\u00a0(\u00abNi guau ni miau\u00bb \u00abLes princeses tamb\u00e9 es tiren pets\u00bb \u00abL&#8217;Artur i la Clementina\u00bb) i amb una din\u00e0mica participativa, es convida els infants\u00a0a reflexionar sobre l\u2019autonomia, el respecte i els estereotips de g\u00e8nere.<\/p>\n","protected":false},"excerpt":{"rendered":"<p>Dimecres 1 de mar\u00e7, els alumnes de 3r han vist l&#8217;obra Quin embolic melic, de\u00a0<a href=\"http:\/\/www.laminuscula.cat\/\"> La companyia de teatre \u201cLa Min\u00fascula\u201d <\/a>per treballar la perspectiva de g\u00e8nere i la coeducaci\u00f3.<br \/>\nEn aquestes\u00a0edats els infants desenvolupen la seva identitat de g\u00e8nere, \u00e9s quan s&#8217;identifiquen amb m\u00e9s&hellip;  <a href=\"https:\/\/agora.xtec.cat\/escolalavilapalamos\/portada\/quin-embolic-melic-a-3r\/\" title=\"Read Quin embolic melic a 3r\">Llegeix m\u00e9s\u00bb<\/a><\/p>\n","protected":false},"author":1,"featured_media":13022,"comment_status":"open","ping_status":"closed","sticky":false,"template":"","format":"standard","meta":{"_bbp_topic_count":0,"_bbp_reply_count":0,"_bbp_total_topic_count":0,"_bbp_total_reply_count":0,"_bbp_voice_count":0,"_bbp_anonymous_reply_count":0,"_bbp_topic_count_hidden":0,"_bbp_reply_count_hidden":0,"_bbp_forum_subforum_count":0,"footnotes":""},"categories":[127,4,5],"tags":[],"class_list":["post-13021","post","type-post","status-publish","format-standard","has-post-thumbnail","hentry","category-comunitat-de-mitjans","category-portada","category-primaria"],"post_mailing_queue_ids":[],"_links":{"self":[{"href":"https:\/\/agora.xtec.cat\/escolalavilapalamos\/wp-json\/wp\/v2\/posts\/13021","targetHints":{"allow":["GET"]}}],"collection":[{"href":"https:\/\/agora.xtec.cat\/escolalavilapalamos\/wp-json\/wp\/v2\/posts"}],"about":[{"href":"https:\/\/agora.xtec.cat\/escolalavilapalamos\/wp-json\/wp\/v2\/types\/post"}],"author":[{"embeddable":true,"href":"https:\/\/agora.xtec.cat\/escolalavilapalamos\/wp-json\/wp\/v2\/users\/1"}],"replies":[{"embeddable":true,"href":"https:\/\/agora.xtec.cat\/escolalavilapalamos\/wp-json\/wp\/v2\/comments?post=13021"}],"version-history":[{"count":1,"href":"https:\/\/agora.xtec.cat\/escolalavilapalamos\/wp-json\/wp\/v2\/posts\/13021\/revisions"}],"predecessor-version":[{"id":13023,"href":"https:\/\/agora.xtec.cat\/escolalavilapalamos\/wp-json\/wp\/v2\/posts\/13021\/revisions\/13023"}],"wp:featuredmedia":[{"embeddable":true,"href":"https:\/\/agora.xtec.cat\/escolalavilapalamos\/wp-json\/wp\/v2\/media\/13022"}],"wp:attachment":[{"href":"https:\/\/agora.xtec.cat\/escolalavilapalamos\/wp-json\/wp\/v2\/media?parent=13021"}],"wp:term":[{"taxonomy":"category","embeddable":true,"href":"https:\/\/agora.xtec.cat\/escolalavilapalamos\/wp-json\/wp\/v2\/categories?post=13021"},{"taxonomy":"post_tag","embeddable":true,"href":"https:\/\/agora.xtec.cat\/escolalavilapalamos\/wp-json\/wp\/v2\/tags?post=13021"}],"curies":[{"name":"wp","href":"https:\/\/api.w.org\/{rel}","templated":true}]}}