{"id":13010,"date":"2023-03-01T15:39:44","date_gmt":"2023-03-01T14:39:44","guid":{"rendered":"https:\/\/agora.xtec.cat\/escolalavilapalamos\/?p=13010"},"modified":"2023-03-01T15:39:44","modified_gmt":"2023-03-01T14:39:44","slug":"angles-a-3r-i-4t","status":"publish","type":"post","link":"https:\/\/agora.xtec.cat\/escolalavilapalamos\/general\/angles-a-3r-i-4t\/","title":{"rendered":"Angl\u00e8s a 3r i 4t"},"content":{"rendered":"<p><em><img loading=\"lazy\" decoding=\"async\" class=\"wp-image-13011 alignright\" src=\"https:\/\/agora.xtec.cat\/escolalavilapalamos\/wp-content\/uploads\/usu897\/2023\/03\/1677677298852-1024x769.jpg\" alt=\"\" width=\"512\" height=\"384\" srcset=\"https:\/\/agora.xtec.cat\/escolalavilapalamos\/wp-content\/uploads\/usu897\/2023\/03\/1677677298852-1024x769.jpg 1024w, https:\/\/agora.xtec.cat\/escolalavilapalamos\/wp-content\/uploads\/usu897\/2023\/03\/1677677298852-300x225.jpg 300w, https:\/\/agora.xtec.cat\/escolalavilapalamos\/wp-content\/uploads\/usu897\/2023\/03\/1677677298852-768x577.jpg 768w, https:\/\/agora.xtec.cat\/escolalavilapalamos\/wp-content\/uploads\/usu897\/2023\/03\/1677677298852-1536x1153.jpg 1536w, https:\/\/agora.xtec.cat\/escolalavilapalamos\/wp-content\/uploads\/usu897\/2023\/03\/1677677298852-2048x1538.jpg 2048w, https:\/\/agora.xtec.cat\/escolalavilapalamos\/wp-content\/uploads\/usu897\/2023\/03\/1677677298852-200x150.jpg 200w\" sizes=\"auto, (max-width: 512px) 100vw, 512px\" \/><\/em>Els nens i nenes de 3r i 4t estem aprenent molt vocabulari nou amb exercicis interactius autocorregibles gr\u00e0cies a la plataforma Liveworksheets (entorn virtual d&#8217;aprenentatge).<\/p>\n<p>Hem repassat els dies de la setmana, mesos de l&#8217;any, estacions i n\u00fameros de l&#8217;1 al 100 amb can\u00e7ons. Tamb\u00e9 aprenem jugant amb jocs com el <em>Mistery English<\/em> o el <em>Match and catch<\/em>, alguna fitxa i puzzles amb paraules.<\/p>\n<p>A 4t , a m\u00e9s, tenim una sessi\u00f3 quinzenal amb en Remik, l&#8217;auxiliar de conversa, on hem estat treballant les\u00a0<strong>WH-questions. <\/strong>Preguntes amb\u00a0<strong>what, where, when, why\u00a0<\/strong>i\u00a0<strong>who<\/strong>.<\/p>\n<p>Amb tot aix\u00f2 ja comencem a fer frases i coneixem moltes paraules relacionades amb el Nadal, objectes de l&#8217;escola i coses que podem trobar en una casa.<\/p>\n<p>Si voleu veure m\u00e9s fotos <a href=\"https:\/\/photos.app.goo.gl\/Mz7at4noJVjJrNx7A\">cliqueu el seg\u00fcent enlla\u00e7<\/a><\/p>\n<p>&nbsp;<\/p>\n","protected":false},"excerpt":{"rendered":"<p>Els nens i nenes de 3r i 4t estem aprenent molt vocabulari nou amb exercicis interactius autocorregibles gr\u00e0cies a la plataforma Liveworksheets (entorn virtual d&#8217;aprenentatge).<br \/>\nHem repassat els dies de la setmana, mesos de l&#8217;any, estacions i n\u00fameros de l&#8217;1 al 100 amb can\u00e7ons. Tamb\u00e9 aprenem&hellip;  <a href=\"https:\/\/agora.xtec.cat\/escolalavilapalamos\/general\/angles-a-3r-i-4t\/\" title=\"Read Angl\u00e8s a 3r i 4t\">Llegeix m\u00e9s\u00bb<\/a><\/p>\n","protected":false},"author":294,"featured_media":13011,"comment_status":"open","ping_status":"closed","sticky":false,"template":"","format":"standard","meta":{"_bbp_topic_count":0,"_bbp_reply_count":0,"_bbp_total_topic_count":0,"_bbp_total_reply_count":0,"_bbp_voice_count":0,"_bbp_anonymous_reply_count":0,"_bbp_topic_count_hidden":0,"_bbp_reply_count_hidden":0,"_bbp_forum_subforum_count":0,"footnotes":""},"categories":[128,127,69,1,4],"tags":[],"class_list":["post-13010","post","type-post","status-publish","format-standard","has-post-thumbnail","hentry","category-comunitat-de-grans","category-comunitat-de-mitjans","category-english","category-general","category-portada"],"post_mailing_queue_ids":[],"_links":{"self":[{"href":"https:\/\/agora.xtec.cat\/escolalavilapalamos\/wp-json\/wp\/v2\/posts\/13010","targetHints":{"allow":["GET"]}}],"collection":[{"href":"https:\/\/agora.xtec.cat\/escolalavilapalamos\/wp-json\/wp\/v2\/posts"}],"about":[{"href":"https:\/\/agora.xtec.cat\/escolalavilapalamos\/wp-json\/wp\/v2\/types\/post"}],"author":[{"embeddable":true,"href":"https:\/\/agora.xtec.cat\/escolalavilapalamos\/wp-json\/wp\/v2\/users\/294"}],"replies":[{"embeddable":true,"href":"https:\/\/agora.xtec.cat\/escolalavilapalamos\/wp-json\/wp\/v2\/comments?post=13010"}],"version-history":[{"count":3,"href":"https:\/\/agora.xtec.cat\/escolalavilapalamos\/wp-json\/wp\/v2\/posts\/13010\/revisions"}],"predecessor-version":[{"id":13016,"href":"https:\/\/agora.xtec.cat\/escolalavilapalamos\/wp-json\/wp\/v2\/posts\/13010\/revisions\/13016"}],"wp:featuredmedia":[{"embeddable":true,"href":"https:\/\/agora.xtec.cat\/escolalavilapalamos\/wp-json\/wp\/v2\/media\/13011"}],"wp:attachment":[{"href":"https:\/\/agora.xtec.cat\/escolalavilapalamos\/wp-json\/wp\/v2\/media?parent=13010"}],"wp:term":[{"taxonomy":"category","embeddable":true,"href":"https:\/\/agora.xtec.cat\/escolalavilapalamos\/wp-json\/wp\/v2\/categories?post=13010"},{"taxonomy":"post_tag","embeddable":true,"href":"https:\/\/agora.xtec.cat\/escolalavilapalamos\/wp-json\/wp\/v2\/tags?post=13010"}],"curies":[{"name":"wp","href":"https:\/\/api.w.org\/{rel}","templated":true}]}}