{"id":13006,"date":"2023-03-01T11:45:37","date_gmt":"2023-03-01T10:45:37","guid":{"rendered":"https:\/\/agora.xtec.cat\/escolalavilapalamos\/?p=13006"},"modified":"2023-03-01T11:46:59","modified_gmt":"2023-03-01T10:46:59","slug":"idalu-dels-alumnes-de-6e-3","status":"publish","type":"post","link":"https:\/\/agora.xtec.cat\/escolalavilapalamos\/general\/idalu-dels-alumnes-de-6e-3\/","title":{"rendered":"IDALU dels alumnes de 6\u00e8"},"content":{"rendered":"<p><strong><img loading=\"lazy\" decoding=\"async\" class=\"wp-image-5461 alignright\" src=\"https:\/\/agora.xtec.cat\/escolalavilapalamos\/wp-content\/uploads\/usu897\/2019\/03\/eso.jpg\" alt=\"\" width=\"286\" height=\"286\" srcset=\"https:\/\/agora.xtec.cat\/escolalavilapalamos\/wp-content\/uploads\/usu897\/2019\/03\/eso.jpg 517w, https:\/\/agora.xtec.cat\/escolalavilapalamos\/wp-content\/uploads\/usu897\/2019\/03\/eso-150x150.jpg 150w, https:\/\/agora.xtec.cat\/escolalavilapalamos\/wp-content\/uploads\/usu897\/2019\/03\/eso-300x300.jpg 300w\" sizes=\"auto, (max-width: 286px) 100vw, 286px\" \/>Del dilluns 6 de mar\u00e7 al dilluns 20 de mar\u00e7<\/strong> hi ha el per\u00edode de preinscripci\u00f3 escolar pel curs 2023-24.<\/p>\n<p>Els\/les alumnes de 6\u00e8 s&#8217;han de preinscriure a l&#8217;Educaci\u00f3 Secund\u00e0ria Obligat\u00f2ria (ESO). Per poder formalitzar la preinscripci\u00f3, necessiten el <strong><em>N\u00famero d&#8217;identificaci\u00f3 d&#8217;alumnes (IDALU)<\/em><\/strong><em>.<\/em> El certificat aporta el n\u00famero d&#8217;IDALU dels alumnes que necessiteu per fer la la preinscripci\u00f3 online.<\/p>\n<p>Per qualsevol dubte podeu consultar <a href=\"http:\/\/queestudiar.gencat.cat\/ca\">la web del Departament d&#8217;Educaci\u00f3<\/a>.<\/p>\n","protected":false},"excerpt":{"rendered":"<p>Del dilluns 6 de mar\u00e7 al dilluns 20 de mar\u00e7 hi ha el per\u00edode de preinscripci\u00f3 escolar pel curs 2023-24.<br \/>\nEls\/les alumnes de 6\u00e8 s&#8217;han de preinscriure a l&#8217;Educaci\u00f3 Secund\u00e0ria Obligat\u00f2ria (ESO). Per poder formalitzar la preinscripci\u00f3, necessiten el N\u00famero d&#8217;identificaci\u00f3 d&#8217;alumnes (IDALU). El certificat aporta&hellip;  <a href=\"https:\/\/agora.xtec.cat\/escolalavilapalamos\/general\/idalu-dels-alumnes-de-6e-3\/\" title=\"Read IDALU dels alumnes de 6\u00e8\">Llegeix m\u00e9s\u00bb<\/a><\/p>\n","protected":false},"author":1,"featured_media":5461,"comment_status":"open","ping_status":"closed","sticky":false,"template":"","format":"standard","meta":{"_bbp_topic_count":0,"_bbp_reply_count":0,"_bbp_total_topic_count":0,"_bbp_total_reply_count":0,"_bbp_voice_count":0,"_bbp_anonymous_reply_count":0,"_bbp_topic_count_hidden":0,"_bbp_reply_count_hidden":0,"_bbp_forum_subforum_count":0,"footnotes":""},"categories":[128,1,4],"tags":[],"class_list":["post-13006","post","type-post","status-publish","format-standard","has-post-thumbnail","hentry","category-comunitat-de-grans","category-general","category-portada"],"post_mailing_queue_ids":[],"_links":{"self":[{"href":"https:\/\/agora.xtec.cat\/escolalavilapalamos\/wp-json\/wp\/v2\/posts\/13006","targetHints":{"allow":["GET"]}}],"collection":[{"href":"https:\/\/agora.xtec.cat\/escolalavilapalamos\/wp-json\/wp\/v2\/posts"}],"about":[{"href":"https:\/\/agora.xtec.cat\/escolalavilapalamos\/wp-json\/wp\/v2\/types\/post"}],"author":[{"embeddable":true,"href":"https:\/\/agora.xtec.cat\/escolalavilapalamos\/wp-json\/wp\/v2\/users\/1"}],"replies":[{"embeddable":true,"href":"https:\/\/agora.xtec.cat\/escolalavilapalamos\/wp-json\/wp\/v2\/comments?post=13006"}],"version-history":[{"count":2,"href":"https:\/\/agora.xtec.cat\/escolalavilapalamos\/wp-json\/wp\/v2\/posts\/13006\/revisions"}],"predecessor-version":[{"id":13008,"href":"https:\/\/agora.xtec.cat\/escolalavilapalamos\/wp-json\/wp\/v2\/posts\/13006\/revisions\/13008"}],"wp:featuredmedia":[{"embeddable":true,"href":"https:\/\/agora.xtec.cat\/escolalavilapalamos\/wp-json\/wp\/v2\/media\/5461"}],"wp:attachment":[{"href":"https:\/\/agora.xtec.cat\/escolalavilapalamos\/wp-json\/wp\/v2\/media?parent=13006"}],"wp:term":[{"taxonomy":"category","embeddable":true,"href":"https:\/\/agora.xtec.cat\/escolalavilapalamos\/wp-json\/wp\/v2\/categories?post=13006"},{"taxonomy":"post_tag","embeddable":true,"href":"https:\/\/agora.xtec.cat\/escolalavilapalamos\/wp-json\/wp\/v2\/tags?post=13006"}],"curies":[{"name":"wp","href":"https:\/\/api.w.org\/{rel}","templated":true}]}}