{"id":12987,"date":"2023-02-27T12:26:22","date_gmt":"2023-02-27T11:26:22","guid":{"rendered":"https:\/\/agora.xtec.cat\/escolalavilapalamos\/?p=12987"},"modified":"2023-02-27T12:26:22","modified_gmt":"2023-02-27T11:26:22","slug":"2n-museu-de-la-pesca-de-palamos","status":"publish","type":"post","link":"https:\/\/agora.xtec.cat\/escolalavilapalamos\/general\/2n-museu-de-la-pesca-de-palamos\/","title":{"rendered":"2n Museu de la Pesca de Palam\u00f3s"},"content":{"rendered":"<p><img loading=\"lazy\" decoding=\"async\" class=\"wp-image-12988  alignright\" src=\"https:\/\/agora.xtec.cat\/escolalavilapalamos\/wp-content\/uploads\/usu897\/2023\/02\/1677253126867-1.jpg\" alt=\"\" width=\"290\" height=\"387\" srcset=\"https:\/\/agora.xtec.cat\/escolalavilapalamos\/wp-content\/uploads\/usu897\/2023\/02\/1677253126867-1.jpg 1536w, https:\/\/agora.xtec.cat\/escolalavilapalamos\/wp-content\/uploads\/usu897\/2023\/02\/1677253126867-1-225x300.jpg 225w, https:\/\/agora.xtec.cat\/escolalavilapalamos\/wp-content\/uploads\/usu897\/2023\/02\/1677253126867-1-768x1024.jpg 768w, https:\/\/agora.xtec.cat\/escolalavilapalamos\/wp-content\/uploads\/usu897\/2023\/02\/1677253126867-1-1152x1536.jpg 1152w\" sizes=\"auto, (max-width: 290px) 100vw, 290px\" \/>El passat divendres 10 de febrer vam anar a visitar el Museu de la Pesca, aqu\u00ed teniu un recull <a href=\"https:\/\/photos.app.goo.gl\/KcaJoVi9HteDJKos6\">d&#8217;imatges<\/a> de l&#8217;aventura. Vam poder viure i veure una mica la vida al mar i els tresors que s&#8217;hi amaguen.<\/p>\n<p>Ara tenim moltes ganes d&#8217;iniciar un nou cam\u00ed que ens dugui a investigar; qu\u00e8 passar\u00e0 d&#8217;aqu\u00ed a uns anys amb la pesca? Com podem millorar l&#8217;h\u00e0bitat de la nostra fauna i flora Mediterr\u00e0nia? Ens podem responsabilitzar i pensar en solucions per a qu\u00e8 millori la situaci\u00f3?<\/p>\n<p>Les nenes i els nens de segon estem preparades per a iniciar el repte! Ens acompanyeu?<\/p>\n","protected":false},"excerpt":{"rendered":"<p>El passat divendres 10 de febrer vam anar a visitar el Museu de la Pesca, aqu\u00ed teniu un recull <a href=\"https:\/\/photos.app.goo.gl\/KcaJoVi9HteDJKos6\">d&#8217;imatges<\/a> de l&#8217;aventura. Vam poder viure i veure una mica la vida al mar i els tresors que s&#8217;hi amaguen.<br \/>\nAra tenim moltes ganes d&#8217;iniciar un&hellip;  <a href=\"https:\/\/agora.xtec.cat\/escolalavilapalamos\/general\/2n-museu-de-la-pesca-de-palamos\/\" title=\"Read 2n Museu de la Pesca de Palam\u00f3s\">Llegeix m\u00e9s\u00bb<\/a><\/p>\n","protected":false},"author":245,"featured_media":12988,"comment_status":"open","ping_status":"closed","sticky":false,"template":"","format":"standard","meta":{"_bbp_topic_count":0,"_bbp_reply_count":0,"_bbp_total_topic_count":0,"_bbp_total_reply_count":0,"_bbp_voice_count":0,"_bbp_anonymous_reply_count":0,"_bbp_topic_count_hidden":0,"_bbp_reply_count_hidden":0,"_bbp_forum_subforum_count":0,"footnotes":""},"categories":[127,1,4,5],"tags":[],"class_list":["post-12987","post","type-post","status-publish","format-standard","has-post-thumbnail","hentry","category-comunitat-de-mitjans","category-general","category-portada","category-primaria"],"post_mailing_queue_ids":[],"_links":{"self":[{"href":"https:\/\/agora.xtec.cat\/escolalavilapalamos\/wp-json\/wp\/v2\/posts\/12987","targetHints":{"allow":["GET"]}}],"collection":[{"href":"https:\/\/agora.xtec.cat\/escolalavilapalamos\/wp-json\/wp\/v2\/posts"}],"about":[{"href":"https:\/\/agora.xtec.cat\/escolalavilapalamos\/wp-json\/wp\/v2\/types\/post"}],"author":[{"embeddable":true,"href":"https:\/\/agora.xtec.cat\/escolalavilapalamos\/wp-json\/wp\/v2\/users\/245"}],"replies":[{"embeddable":true,"href":"https:\/\/agora.xtec.cat\/escolalavilapalamos\/wp-json\/wp\/v2\/comments?post=12987"}],"version-history":[{"count":2,"href":"https:\/\/agora.xtec.cat\/escolalavilapalamos\/wp-json\/wp\/v2\/posts\/12987\/revisions"}],"predecessor-version":[{"id":13000,"href":"https:\/\/agora.xtec.cat\/escolalavilapalamos\/wp-json\/wp\/v2\/posts\/12987\/revisions\/13000"}],"wp:featuredmedia":[{"embeddable":true,"href":"https:\/\/agora.xtec.cat\/escolalavilapalamos\/wp-json\/wp\/v2\/media\/12988"}],"wp:attachment":[{"href":"https:\/\/agora.xtec.cat\/escolalavilapalamos\/wp-json\/wp\/v2\/media?parent=12987"}],"wp:term":[{"taxonomy":"category","embeddable":true,"href":"https:\/\/agora.xtec.cat\/escolalavilapalamos\/wp-json\/wp\/v2\/categories?post=12987"},{"taxonomy":"post_tag","embeddable":true,"href":"https:\/\/agora.xtec.cat\/escolalavilapalamos\/wp-json\/wp\/v2\/tags?post=12987"}],"curies":[{"name":"wp","href":"https:\/\/api.w.org\/{rel}","templated":true}]}}