{"id":12949,"date":"2023-02-23T13:25:03","date_gmt":"2023-02-23T12:25:03","guid":{"rendered":"https:\/\/agora.xtec.cat\/escolalavilapalamos\/?p=12949"},"modified":"2023-02-23T13:25:03","modified_gmt":"2023-02-23T12:25:03","slug":"descobrim-els-rastres","status":"publish","type":"post","link":"https:\/\/agora.xtec.cat\/escolalavilapalamos\/portada\/descobrim-els-rastres\/","title":{"rendered":"Descobrim els rastres"},"content":{"rendered":"<p><img loading=\"lazy\" decoding=\"async\" class=\"alignright wp-image-12951 \" src=\"https:\/\/agora.xtec.cat\/escolalavilapalamos\/wp-content\/uploads\/usu897\/2023\/02\/IMG_9338-scaled.jpg\" alt=\"\" width=\"229\" height=\"305\" srcset=\"https:\/\/agora.xtec.cat\/escolalavilapalamos\/wp-content\/uploads\/usu897\/2023\/02\/IMG_9338-scaled.jpg 1920w, https:\/\/agora.xtec.cat\/escolalavilapalamos\/wp-content\/uploads\/usu897\/2023\/02\/IMG_9338-225x300.jpg 225w, https:\/\/agora.xtec.cat\/escolalavilapalamos\/wp-content\/uploads\/usu897\/2023\/02\/IMG_9338-768x1024.jpg 768w, https:\/\/agora.xtec.cat\/escolalavilapalamos\/wp-content\/uploads\/usu897\/2023\/02\/IMG_9338-1152x1536.jpg 1152w, https:\/\/agora.xtec.cat\/escolalavilapalamos\/wp-content\/uploads\/usu897\/2023\/02\/IMG_9338-1536x2048.jpg 1536w\" sizes=\"auto, (max-width: 229px) 100vw, 229px\" \/><img loading=\"lazy\" decoding=\"async\" class=\"alignright wp-image-12950 \" src=\"https:\/\/agora.xtec.cat\/escolalavilapalamos\/wp-content\/uploads\/usu897\/2023\/02\/IMG_6820-scaled.jpg\" alt=\"\" width=\"378\" height=\"284\" srcset=\"https:\/\/agora.xtec.cat\/escolalavilapalamos\/wp-content\/uploads\/usu897\/2023\/02\/IMG_6820-scaled.jpg 2560w, https:\/\/agora.xtec.cat\/escolalavilapalamos\/wp-content\/uploads\/usu897\/2023\/02\/IMG_6820-300x225.jpg 300w, https:\/\/agora.xtec.cat\/escolalavilapalamos\/wp-content\/uploads\/usu897\/2023\/02\/IMG_6820-1024x768.jpg 1024w, https:\/\/agora.xtec.cat\/escolalavilapalamos\/wp-content\/uploads\/usu897\/2023\/02\/IMG_6820-768x576.jpg 768w, https:\/\/agora.xtec.cat\/escolalavilapalamos\/wp-content\/uploads\/usu897\/2023\/02\/IMG_6820-1536x1152.jpg 1536w, https:\/\/agora.xtec.cat\/escolalavilapalamos\/wp-content\/uploads\/usu897\/2023\/02\/IMG_6820-2048x1536.jpg 2048w, https:\/\/agora.xtec.cat\/escolalavilapalamos\/wp-content\/uploads\/usu897\/2023\/02\/IMG_6820-200x150.jpg 200w\" sizes=\"auto, (max-width: 378px) 100vw, 378px\" \/>Dilluns 13 de febrer l&#8217;alumnat de 3r va anar a Cap Gros a fer l&#8217;activitat de <strong>&#8220;Descobrint els rastres&#8221;.<\/strong><\/p>\n<p>Un cop all\u00e0, vam fer diferents estacions que represent\u00e0ven diferents tipus de rastres d&#8217;animals del bosc: petjades, excrements, restes d&#8217;aliments i \u00f2ssies, nius, caus,&#8230;<\/p>\n<p>Amb les diferents din\u00e0miques van poder con\u00e8ixer els animals pr\u00f2pis del nostre bosc i les seves caracter\u00edstiques. Aix\u00ed com eines que utilitzen per identificar de quina esp\u00e8cie es tracta ( clau dicot\u00f2mica dels excrements, c\u00e0mera de rastreig, &#8230;).<\/p>\n<p>Van poder fer un taller de petjades d&#8217;animals a partir de motlles, guix i aigua.<\/p>\n<p>Aquesta sortida servir\u00e0 com a punt de partida del proper projecte.<\/p>\n<p>Us deixen l<a href=\"https:\/\/photos.app.goo.gl\/1ygBGQBZhTinsWkf9\">&#8216;enlla\u00e7<\/a> amb algunes fotografies.<\/p>\n<p>&nbsp;<\/p>\n","protected":false},"excerpt":{"rendered":"<p>Dilluns 13 de febrer l&#8217;alumnat de 3r va anar a Cap Gros a fer l&#8217;activitat de &#8220;Descobrint els rastres&#8221;.<br \/>\nUn cop all\u00e0, vam fer diferents estacions que represent\u00e0ven diferents tipus de rastres d&#8217;animals del bosc: petjades, excrements, restes d&#8217;aliments i \u00f2ssies, nius, caus,&#8230;<br \/>\nAmb les diferents din\u00e0miques&hellip;  <a href=\"https:\/\/agora.xtec.cat\/escolalavilapalamos\/portada\/descobrim-els-rastres\/\" title=\"Read Descobrim els rastres\">Llegeix m\u00e9s\u00bb<\/a><\/p>\n","protected":false},"author":131,"featured_media":12950,"comment_status":"open","ping_status":"closed","sticky":false,"template":"","format":"standard","meta":{"_bbp_topic_count":0,"_bbp_reply_count":0,"_bbp_total_topic_count":0,"_bbp_total_reply_count":0,"_bbp_voice_count":0,"_bbp_anonymous_reply_count":0,"_bbp_topic_count_hidden":0,"_bbp_reply_count_hidden":0,"_bbp_forum_subforum_count":0,"footnotes":""},"categories":[127,4,5],"tags":[90,152,154,153],"class_list":["post-12949","post","type-post","status-publish","format-standard","has-post-thumbnail","hentry","category-comunitat-de-mitjans","category-portada","category-primaria","tag-3r","tag-animals","tag-cap-gros","tag-entorn"],"post_mailing_queue_ids":[],"_links":{"self":[{"href":"https:\/\/agora.xtec.cat\/escolalavilapalamos\/wp-json\/wp\/v2\/posts\/12949","targetHints":{"allow":["GET"]}}],"collection":[{"href":"https:\/\/agora.xtec.cat\/escolalavilapalamos\/wp-json\/wp\/v2\/posts"}],"about":[{"href":"https:\/\/agora.xtec.cat\/escolalavilapalamos\/wp-json\/wp\/v2\/types\/post"}],"author":[{"embeddable":true,"href":"https:\/\/agora.xtec.cat\/escolalavilapalamos\/wp-json\/wp\/v2\/users\/131"}],"replies":[{"embeddable":true,"href":"https:\/\/agora.xtec.cat\/escolalavilapalamos\/wp-json\/wp\/v2\/comments?post=12949"}],"version-history":[{"count":3,"href":"https:\/\/agora.xtec.cat\/escolalavilapalamos\/wp-json\/wp\/v2\/posts\/12949\/revisions"}],"predecessor-version":[{"id":12957,"href":"https:\/\/agora.xtec.cat\/escolalavilapalamos\/wp-json\/wp\/v2\/posts\/12949\/revisions\/12957"}],"wp:featuredmedia":[{"embeddable":true,"href":"https:\/\/agora.xtec.cat\/escolalavilapalamos\/wp-json\/wp\/v2\/media\/12950"}],"wp:attachment":[{"href":"https:\/\/agora.xtec.cat\/escolalavilapalamos\/wp-json\/wp\/v2\/media?parent=12949"}],"wp:term":[{"taxonomy":"category","embeddable":true,"href":"https:\/\/agora.xtec.cat\/escolalavilapalamos\/wp-json\/wp\/v2\/categories?post=12949"},{"taxonomy":"post_tag","embeddable":true,"href":"https:\/\/agora.xtec.cat\/escolalavilapalamos\/wp-json\/wp\/v2\/tags?post=12949"}],"curies":[{"name":"wp","href":"https:\/\/api.w.org\/{rel}","templated":true}]}}