{"id":12942,"date":"2023-02-23T13:22:28","date_gmt":"2023-02-23T12:22:28","guid":{"rendered":"https:\/\/agora.xtec.cat\/escolalavilapalamos\/?p=12942"},"modified":"2023-02-23T13:22:28","modified_gmt":"2023-02-23T12:22:28","slug":"dibuixem-plantes","status":"publish","type":"post","link":"https:\/\/agora.xtec.cat\/escolalavilapalamos\/general\/dibuixem-plantes\/","title":{"rendered":"Dibuixem plantes"},"content":{"rendered":"<p><a href=\"https:\/\/agora.xtec.cat\/escolalavilapalamos\/wp-content\/uploads\/usu897\/2023\/02\/IMG_6551-1-scaled.jpg\"><img loading=\"lazy\" decoding=\"async\" class=\"size-medium wp-image-12946 alignright\" src=\"https:\/\/agora.xtec.cat\/escolalavilapalamos\/wp-content\/uploads\/usu897\/2023\/02\/IMG_6551-1-225x300.jpg\" alt=\"\" width=\"225\" height=\"300\" srcset=\"https:\/\/agora.xtec.cat\/escolalavilapalamos\/wp-content\/uploads\/usu897\/2023\/02\/IMG_6551-1-225x300.jpg 225w, https:\/\/agora.xtec.cat\/escolalavilapalamos\/wp-content\/uploads\/usu897\/2023\/02\/IMG_6551-1-768x1024.jpg 768w, https:\/\/agora.xtec.cat\/escolalavilapalamos\/wp-content\/uploads\/usu897\/2023\/02\/IMG_6551-1-1152x1536.jpg 1152w, https:\/\/agora.xtec.cat\/escolalavilapalamos\/wp-content\/uploads\/usu897\/2023\/02\/IMG_6551-1-1536x2048.jpg 1536w, https:\/\/agora.xtec.cat\/escolalavilapalamos\/wp-content\/uploads\/usu897\/2023\/02\/IMG_6551-1-scaled.jpg 1920w\" sizes=\"auto, (max-width: 225px) 100vw, 225px\" \/><\/a> <a href=\"https:\/\/agora.xtec.cat\/escolalavilapalamos\/wp-content\/uploads\/usu897\/2023\/02\/IMG_7115-scaled.jpg\"><img loading=\"lazy\" decoding=\"async\" class=\"size-medium wp-image-12947 alignright\" src=\"https:\/\/agora.xtec.cat\/escolalavilapalamos\/wp-content\/uploads\/usu897\/2023\/02\/IMG_7115-300x225.jpg\" alt=\"\" width=\"300\" height=\"225\" srcset=\"https:\/\/agora.xtec.cat\/escolalavilapalamos\/wp-content\/uploads\/usu897\/2023\/02\/IMG_7115-300x225.jpg 300w, https:\/\/agora.xtec.cat\/escolalavilapalamos\/wp-content\/uploads\/usu897\/2023\/02\/IMG_7115-1024x768.jpg 1024w, https:\/\/agora.xtec.cat\/escolalavilapalamos\/wp-content\/uploads\/usu897\/2023\/02\/IMG_7115-768x576.jpg 768w, https:\/\/agora.xtec.cat\/escolalavilapalamos\/wp-content\/uploads\/usu897\/2023\/02\/IMG_7115-1536x1152.jpg 1536w, https:\/\/agora.xtec.cat\/escolalavilapalamos\/wp-content\/uploads\/usu897\/2023\/02\/IMG_7115-2048x1536.jpg 2048w, https:\/\/agora.xtec.cat\/escolalavilapalamos\/wp-content\/uploads\/usu897\/2023\/02\/IMG_7115-200x150.jpg 200w\" sizes=\"auto, (max-width: 300px) 100vw, 300px\" \/><\/a>A tercer hem practicat el dibuix realista a partir de l&#8217;observaci\u00f3 de diferents tipus de plantes. Hem procurat plasmar la realitat el m\u00e9s acurada possible, fixant-nos en cada part de la planta i la seva tonalitat.<\/p>\n<p>L&#8217;objectiu d&#8217;aquest treball era plasmar la realitat a trav\u00e9s de l&#8217;art, per\u00f2 alhora ha perm\u00e8s aprendre a gestionar la frustraci\u00f3 que suposava no aconseguir un resultat que esperavem en el primer esb\u00f3s. Gr\u00e0cies a la paci\u00e8ncia, l&#8217;esfor\u00e7 i la persever\u00e0ncia s&#8217;han adonat que el resultat final \u00e9s millor fins i tot del que en un inici pens\u00e0ven.<\/p>\n<p>Adjuntem l&#8217;<a href=\"https:\/\/photos.app.goo.gl\/XJFzUDLsLGDzGwSf9\">enlla\u00e7<\/a> d&#8217;algunes fotogr\u00e0fies.<\/p>\n<p>&nbsp;<\/p>\n","protected":false},"excerpt":{"rendered":"<p><a href=\"https:\/\/agora.xtec.cat\/escolalavilapalamos\/wp-content\/uploads\/usu897\/2023\/02\/IMG_6551-1-scaled.jpg\"><\/a> <a href=\"https:\/\/agora.xtec.cat\/escolalavilapalamos\/wp-content\/uploads\/usu897\/2023\/02\/IMG_7115-scaled.jpg\"><\/a>A tercer hem practicat el dibuix realista a partir de l&#8217;observaci\u00f3 de diferents tipus de plantes. Hem procurat plasmar la realitat el m\u00e9s acurada possible, fixant-nos en cada part de la planta i la seva tonalitat.<br \/>\nL&#8217;objectiu d&#8217;aquest treball era plasmar la realitat&hellip;  <a href=\"https:\/\/agora.xtec.cat\/escolalavilapalamos\/general\/dibuixem-plantes\/\" title=\"Read Dibuixem plantes\">Llegeix m\u00e9s\u00bb<\/a><\/p>\n","protected":false},"author":131,"featured_media":12947,"comment_status":"open","ping_status":"closed","sticky":false,"template":"","format":"standard","meta":{"_bbp_topic_count":0,"_bbp_reply_count":0,"_bbp_total_topic_count":0,"_bbp_total_reply_count":0,"_bbp_voice_count":0,"_bbp_anonymous_reply_count":0,"_bbp_topic_count_hidden":0,"_bbp_reply_count_hidden":0,"_bbp_forum_subforum_count":0,"footnotes":""},"categories":[127,1,4,5],"tags":[90,133],"class_list":["post-12942","post","type-post","status-publish","format-standard","has-post-thumbnail","hentry","category-comunitat-de-mitjans","category-general","category-portada","category-primaria","tag-3r","tag-educacio-artistica"],"post_mailing_queue_ids":[],"_links":{"self":[{"href":"https:\/\/agora.xtec.cat\/escolalavilapalamos\/wp-json\/wp\/v2\/posts\/12942","targetHints":{"allow":["GET"]}}],"collection":[{"href":"https:\/\/agora.xtec.cat\/escolalavilapalamos\/wp-json\/wp\/v2\/posts"}],"about":[{"href":"https:\/\/agora.xtec.cat\/escolalavilapalamos\/wp-json\/wp\/v2\/types\/post"}],"author":[{"embeddable":true,"href":"https:\/\/agora.xtec.cat\/escolalavilapalamos\/wp-json\/wp\/v2\/users\/131"}],"replies":[{"embeddable":true,"href":"https:\/\/agora.xtec.cat\/escolalavilapalamos\/wp-json\/wp\/v2\/comments?post=12942"}],"version-history":[{"count":3,"href":"https:\/\/agora.xtec.cat\/escolalavilapalamos\/wp-json\/wp\/v2\/posts\/12942\/revisions"}],"predecessor-version":[{"id":12948,"href":"https:\/\/agora.xtec.cat\/escolalavilapalamos\/wp-json\/wp\/v2\/posts\/12942\/revisions\/12948"}],"wp:featuredmedia":[{"embeddable":true,"href":"https:\/\/agora.xtec.cat\/escolalavilapalamos\/wp-json\/wp\/v2\/media\/12947"}],"wp:attachment":[{"href":"https:\/\/agora.xtec.cat\/escolalavilapalamos\/wp-json\/wp\/v2\/media?parent=12942"}],"wp:term":[{"taxonomy":"category","embeddable":true,"href":"https:\/\/agora.xtec.cat\/escolalavilapalamos\/wp-json\/wp\/v2\/categories?post=12942"},{"taxonomy":"post_tag","embeddable":true,"href":"https:\/\/agora.xtec.cat\/escolalavilapalamos\/wp-json\/wp\/v2\/tags?post=12942"}],"curies":[{"name":"wp","href":"https:\/\/api.w.org\/{rel}","templated":true}]}}