{"id":12936,"date":"2023-03-30T08:04:29","date_gmt":"2023-03-30T06:04:29","guid":{"rendered":"https:\/\/agora.xtec.cat\/escolalavilapalamos\/?p=12936"},"modified":"2023-03-30T08:54:17","modified_gmt":"2023-03-30T06:54:17","slug":"cantata-musical-dels-alumnes-de-1r-2","status":"publish","type":"post","link":"https:\/\/agora.xtec.cat\/escolalavilapalamos\/general\/cantata-musical-dels-alumnes-de-1r-2\/","title":{"rendered":"Cantata musical dels alumnes de 1r"},"content":{"rendered":"<p><strong><img loading=\"lazy\" decoding=\"async\" class=\" wp-image-5228 alignright\" src=\"https:\/\/agora.xtec.cat\/escolalavilapalamos\/wp-content\/uploads\/usu897\/2019\/02\/P1070904-640x480.jpg\" alt=\"\" width=\"419\" height=\"314\" srcset=\"https:\/\/agora.xtec.cat\/escolalavilapalamos\/wp-content\/uploads\/usu897\/2019\/02\/P1070904-640x480.jpg 640w, https:\/\/agora.xtec.cat\/escolalavilapalamos\/wp-content\/uploads\/usu897\/2019\/02\/P1070904-640x480-300x225.jpg 300w, https:\/\/agora.xtec.cat\/escolalavilapalamos\/wp-content\/uploads\/usu897\/2019\/02\/P1070904-640x480-200x150.jpg 200w\" sizes=\"auto, (max-width: 419px) 100vw, 419px\" \/>Divendres 31 de mar\u00e7 a les 17:15 h<\/strong> es celebra la <strong>Mostra de corals infantils i juvenils de Palam\u00f3s<\/strong><em>.<br \/>\n<\/em><\/p>\n<p>Sota el gui\u00f3 i la direcci\u00f3 dels mestres de m\u00fasica de les escoles de prim\u00e0ria de Palam\u00f3s, els alumnes dels grups de 1r protagonitzaran aquesta trobada de corals escolars que tindr\u00e0 una durada de 60 minuts.<\/p>\n<p><strong>&#8211; 1rA:<\/strong> l\u2019alumnat ha de ser al teatre a les<strong> 17\u201915h<\/strong> i l\u2019espectacle comen\u00e7ar\u00e0 a les 17\u201930h<\/p>\n<p><strong>&#8211; 1rB:<\/strong> l\u2019alumnat ha de ser al teatre a les <strong>18\u201915h <\/strong>i l\u2019espectacle comen\u00e7ar\u00e0 a les 18\u201930h<\/p>\n<p><strong><em>Caldr\u00e0 portar: texans i samarreta llisa d\u2019un sol color. <\/em><\/strong><\/p>\n<p>En ser en horari no lectiu, necessitem el vostre comprom\u00eds ferm de que acompanyareu al vostre fill\/a aquest dia a participar de l\u2019activitat. Per aquesta ra\u00f3 \u00e9s molt important confirmar l\u2019assist\u00e8ncia. Us demanem que assenyaleu la casella oportuna i la lliureu a les tutores abans del <strong>10 de mar\u00e7. <a href=\"https:\/\/drive.google.com\/file\/d\/1hxwmIQRx9FODrumHCESULJBokuBTbgCZ\/view?usp=sharing\">Us podeu descarregar la circular aqu\u00ed<\/a><br \/>\n<\/strong><\/p>\n<p>Pel que fa a les entrades, n\u2019hi haur\u00e0 dues reservades per fam\u00edlia. <u>No cal agafar-les per Internet.<\/u> Les donarem al vostre fill\/a un cop hagi passat el termini de lliurament i hagueu confirmat la seva assist\u00e8ncia.<\/p>\n<p>Acompanyament: professors de m\u00fasica de l&#8217;Aula Musical de La Vila<\/p>\n<p>Organitza: Joventuts Musicals de Palam\u00f3s.<\/p>\n<p>M\u00e9s informaci\u00f3 a la <a href=\"http:\/\/www.palamos.cat\/\">web de l\u2019Ajuntament de Palam\u00f3s<\/a> i a la circular de la cantata<\/p>\n","protected":false},"excerpt":{"rendered":"<p>Divendres 31 de mar\u00e7 a les 17:15 h es celebra la Mostra de corals infantils i juvenils de Palam\u00f3s.<\/p>\n<p>Sota el gui\u00f3 i la direcci\u00f3 dels mestres de m\u00fasica de les escoles de prim\u00e0ria de Palam\u00f3s, els alumnes dels grups de 1r protagonitzaran aquesta trobada de&hellip;  <a href=\"https:\/\/agora.xtec.cat\/escolalavilapalamos\/general\/cantata-musical-dels-alumnes-de-1r-2\/\" title=\"Read Cantata musical dels alumnes de 1r\">Llegeix m\u00e9s\u00bb<\/a><\/p>\n","protected":false},"author":1,"featured_media":12941,"comment_status":"open","ping_status":"closed","sticky":false,"template":"","format":"standard","meta":{"_bbp_topic_count":0,"_bbp_reply_count":0,"_bbp_total_topic_count":0,"_bbp_total_reply_count":0,"_bbp_voice_count":0,"_bbp_anonymous_reply_count":0,"_bbp_topic_count_hidden":0,"_bbp_reply_count_hidden":0,"_bbp_forum_subforum_count":0,"footnotes":""},"categories":[1,4],"tags":[],"class_list":["post-12936","post","type-post","status-publish","format-standard","has-post-thumbnail","hentry","category-general","category-portada"],"post_mailing_queue_ids":[],"_links":{"self":[{"href":"https:\/\/agora.xtec.cat\/escolalavilapalamos\/wp-json\/wp\/v2\/posts\/12936","targetHints":{"allow":["GET"]}}],"collection":[{"href":"https:\/\/agora.xtec.cat\/escolalavilapalamos\/wp-json\/wp\/v2\/posts"}],"about":[{"href":"https:\/\/agora.xtec.cat\/escolalavilapalamos\/wp-json\/wp\/v2\/types\/post"}],"author":[{"embeddable":true,"href":"https:\/\/agora.xtec.cat\/escolalavilapalamos\/wp-json\/wp\/v2\/users\/1"}],"replies":[{"embeddable":true,"href":"https:\/\/agora.xtec.cat\/escolalavilapalamos\/wp-json\/wp\/v2\/comments?post=12936"}],"version-history":[{"count":2,"href":"https:\/\/agora.xtec.cat\/escolalavilapalamos\/wp-json\/wp\/v2\/posts\/12936\/revisions"}],"predecessor-version":[{"id":12940,"href":"https:\/\/agora.xtec.cat\/escolalavilapalamos\/wp-json\/wp\/v2\/posts\/12936\/revisions\/12940"}],"wp:featuredmedia":[{"embeddable":true,"href":"https:\/\/agora.xtec.cat\/escolalavilapalamos\/wp-json\/wp\/v2\/media\/12941"}],"wp:attachment":[{"href":"https:\/\/agora.xtec.cat\/escolalavilapalamos\/wp-json\/wp\/v2\/media?parent=12936"}],"wp:term":[{"taxonomy":"category","embeddable":true,"href":"https:\/\/agora.xtec.cat\/escolalavilapalamos\/wp-json\/wp\/v2\/categories?post=12936"},{"taxonomy":"post_tag","embeddable":true,"href":"https:\/\/agora.xtec.cat\/escolalavilapalamos\/wp-json\/wp\/v2\/tags?post=12936"}],"curies":[{"name":"wp","href":"https:\/\/api.w.org\/{rel}","templated":true}]}}