{"id":12922,"date":"2023-02-27T10:28:10","date_gmt":"2023-02-27T09:28:10","guid":{"rendered":"https:\/\/agora.xtec.cat\/escolalavilapalamos\/?p=12922"},"modified":"2023-02-27T10:44:15","modified_gmt":"2023-02-27T09:44:15","slug":"a-2n-investiguem-la-terra","status":"publish","type":"post","link":"https:\/\/agora.xtec.cat\/escolalavilapalamos\/portada\/a-2n-investiguem-la-terra\/","title":{"rendered":"A 2n investiguem la Terra!"},"content":{"rendered":"<p>Com es va crear la Terra?, i la vida?, qu\u00e8 hi ha dins de la Terra? Aquestes s\u00f3n algunes de les preguntes que s&#8217;han formulat els i les alumnes de 2n a treball globalitzat.<\/p>\n<p>Per respondre-les han\u00a0 adoptat actituds de bons cient\u00edfics i cient\u00edfiques: han elaborat hip\u00f2tesis, han buscat informaci\u00f3, han experimentat&#8230; i us volen ensenyar algunes de les conclusions mitjan\u00e7ant un v\u00eddeo que han elaborat col\u00b7laborativament.<\/p>\n<p><iframe loading=\"lazy\" src=\"\/\/www.youtube.com\/embed\/zEyBYvqULc8\" width=\"560\" height=\"314\" allowfullscreen=\"allowfullscreen\"><\/iframe><\/p>\n<p>Us deixem tamb\u00e9 un <a href=\"https:\/\/youtu.be\/zEyBYvqULc8\">recull de fotos<\/a> de tot el proc\u00e9s que han seguit. Heu de clicar a l&#8217;enlla\u00e7 per veure-les.<\/p>\n<p>Esperem que gaudiu del v\u00eddeo.<\/p>\n","protected":false},"excerpt":{"rendered":"<p>Com es va crear la Terra?, i la vida?, qu\u00e8 hi ha dins de la Terra? Aquestes s\u00f3n algunes de les preguntes que s&#8217;han formulat els i les alumnes de 2n a treball globalitzat.<br \/>\nPer respondre-les han\u00a0 adoptat actituds de bons cient\u00edfics i cient\u00edfiques: han elaborat&hellip;  <a href=\"https:\/\/agora.xtec.cat\/escolalavilapalamos\/portada\/a-2n-investiguem-la-terra\/\" title=\"Read A 2n investiguem la Terra!\">Llegeix m\u00e9s\u00bb<\/a><\/p>\n","protected":false},"author":245,"featured_media":12998,"comment_status":"open","ping_status":"closed","sticky":false,"template":"","format":"standard","meta":{"_bbp_topic_count":0,"_bbp_reply_count":0,"_bbp_total_topic_count":0,"_bbp_total_reply_count":0,"_bbp_voice_count":0,"_bbp_anonymous_reply_count":0,"_bbp_topic_count_hidden":0,"_bbp_reply_count_hidden":0,"_bbp_forum_subforum_count":0,"footnotes":""},"categories":[127,4,5],"tags":[],"class_list":["post-12922","post","type-post","status-publish","format-standard","has-post-thumbnail","hentry","category-comunitat-de-mitjans","category-portada","category-primaria"],"post_mailing_queue_ids":[],"_links":{"self":[{"href":"https:\/\/agora.xtec.cat\/escolalavilapalamos\/wp-json\/wp\/v2\/posts\/12922","targetHints":{"allow":["GET"]}}],"collection":[{"href":"https:\/\/agora.xtec.cat\/escolalavilapalamos\/wp-json\/wp\/v2\/posts"}],"about":[{"href":"https:\/\/agora.xtec.cat\/escolalavilapalamos\/wp-json\/wp\/v2\/types\/post"}],"author":[{"embeddable":true,"href":"https:\/\/agora.xtec.cat\/escolalavilapalamos\/wp-json\/wp\/v2\/users\/245"}],"replies":[{"embeddable":true,"href":"https:\/\/agora.xtec.cat\/escolalavilapalamos\/wp-json\/wp\/v2\/comments?post=12922"}],"version-history":[{"count":3,"href":"https:\/\/agora.xtec.cat\/escolalavilapalamos\/wp-json\/wp\/v2\/posts\/12922\/revisions"}],"predecessor-version":[{"id":12999,"href":"https:\/\/agora.xtec.cat\/escolalavilapalamos\/wp-json\/wp\/v2\/posts\/12922\/revisions\/12999"}],"wp:featuredmedia":[{"embeddable":true,"href":"https:\/\/agora.xtec.cat\/escolalavilapalamos\/wp-json\/wp\/v2\/media\/12998"}],"wp:attachment":[{"href":"https:\/\/agora.xtec.cat\/escolalavilapalamos\/wp-json\/wp\/v2\/media?parent=12922"}],"wp:term":[{"taxonomy":"category","embeddable":true,"href":"https:\/\/agora.xtec.cat\/escolalavilapalamos\/wp-json\/wp\/v2\/categories?post=12922"},{"taxonomy":"post_tag","embeddable":true,"href":"https:\/\/agora.xtec.cat\/escolalavilapalamos\/wp-json\/wp\/v2\/tags?post=12922"}],"curies":[{"name":"wp","href":"https:\/\/api.w.org\/{rel}","templated":true}]}}