{"id":12915,"date":"2023-02-22T09:07:32","date_gmt":"2023-02-22T08:07:32","guid":{"rendered":"https:\/\/agora.xtec.cat\/escolalavilapalamos\/?p=12915"},"modified":"2023-02-22T09:07:32","modified_gmt":"2023-02-22T08:07:32","slug":"que-fem-als-matins-a-laula-di4","status":"publish","type":"post","link":"https:\/\/agora.xtec.cat\/escolalavilapalamos\/infantil\/que-fem-als-matins-a-laula-di4\/","title":{"rendered":"Qu\u00e8 fem als matins a l&#8217;aula d&#8217;I4?"},"content":{"rendered":"<p>Aquest curs la nostra aula est\u00e0 organitzada en diferents microespais: <i>la zona de la biblioteca i relaxament, la zona d\u2019art, un espai per treballar amb la llum i el mirall, la zona de llengua, la de matem\u00e0tiques, la de construccions i la zona de la rotllana<\/i>.<\/p>\n<p>A la zona de la rotllana hi situem els coixins personals, per reunir-nos tots junts\u00a0 i realitzar les rutines del dia a dia. \u00c9s una zona on conversem i presentem els materials i jocs que situarem a cada una de les zones de propostes.\u00a0 Tamb\u00e9 \u00e9s l\u2019espai que utilitzem per a esmorzar.<\/p>\n<p>Aquest curs, hi ha unes sessions on fem servir el \u201ccarnet de propostes\u201d. Ens ajuda a organitzar setmanalment o quinzenalment les propostes que trobem a l\u2019aula. Un cop l\u2019infant escull quina proposta vol fer, la marca amb un gomet, endre\u00e7a el carnet i se situa a l\u2019espai on far\u00e0 la proposta. Iniciem la sessi\u00f3 un cop tothom est\u00e0 al lloc escollit. A l\u2019hora de finalitzar la sessi\u00f3 s\u2019endre\u00e7a el material emprat, per fer servir a la propera sessi\u00f3.<\/p>\n<p><a href=\"https:\/\/photos.app.goo.gl\/no4D3X7hh8ixubWs5\"><img loading=\"lazy\" decoding=\"async\" class=\"aligncenter size-full wp-image-12920\" src=\"https:\/\/agora.xtec.cat\/escolalavilapalamos\/wp-content\/uploads\/usu897\/2023\/02\/IMG_1362-reduida.jpg\" alt=\"\" width=\"490\" height=\"195\" srcset=\"https:\/\/agora.xtec.cat\/escolalavilapalamos\/wp-content\/uploads\/usu897\/2023\/02\/IMG_1362-reduida.jpg 490w, https:\/\/agora.xtec.cat\/escolalavilapalamos\/wp-content\/uploads\/usu897\/2023\/02\/IMG_1362-reduida-300x119.jpg 300w\" sizes=\"auto, (max-width: 490px) 100vw, 490px\" \/><\/a><\/p>\n<p>&nbsp;<\/p>\n","protected":false},"excerpt":{"rendered":"<p>Aquest curs la nostra aula est\u00e0 organitzada en diferents microespais: la zona de la biblioteca i relaxament, la zona d\u2019art, un espai per treballar amb la llum i el mirall, la zona de llengua, la de matem\u00e0tiques, la de construccions i la zona de la&hellip;  <a href=\"https:\/\/agora.xtec.cat\/escolalavilapalamos\/infantil\/que-fem-als-matins-a-laula-di4\/\" title=\"Read Qu\u00e8 fem als matins a l&#8217;aula d&#8217;I4?\">Llegeix m\u00e9s\u00bb<\/a><\/p>\n","protected":false},"author":128,"featured_media":12920,"comment_status":"closed","ping_status":"closed","sticky":false,"template":"","format":"standard","meta":{"_bbp_topic_count":0,"_bbp_reply_count":0,"_bbp_total_topic_count":0,"_bbp_total_reply_count":0,"_bbp_voice_count":0,"_bbp_anonymous_reply_count":0,"_bbp_topic_count_hidden":0,"_bbp_reply_count_hidden":0,"_bbp_forum_subforum_count":0,"footnotes":""},"categories":[2,4],"tags":[],"class_list":["post-12915","post","type-post","status-publish","format-standard","has-post-thumbnail","hentry","category-infantil","category-portada"],"post_mailing_queue_ids":[],"_links":{"self":[{"href":"https:\/\/agora.xtec.cat\/escolalavilapalamos\/wp-json\/wp\/v2\/posts\/12915","targetHints":{"allow":["GET"]}}],"collection":[{"href":"https:\/\/agora.xtec.cat\/escolalavilapalamos\/wp-json\/wp\/v2\/posts"}],"about":[{"href":"https:\/\/agora.xtec.cat\/escolalavilapalamos\/wp-json\/wp\/v2\/types\/post"}],"author":[{"embeddable":true,"href":"https:\/\/agora.xtec.cat\/escolalavilapalamos\/wp-json\/wp\/v2\/users\/128"}],"replies":[{"embeddable":true,"href":"https:\/\/agora.xtec.cat\/escolalavilapalamos\/wp-json\/wp\/v2\/comments?post=12915"}],"version-history":[{"count":1,"href":"https:\/\/agora.xtec.cat\/escolalavilapalamos\/wp-json\/wp\/v2\/posts\/12915\/revisions"}],"predecessor-version":[{"id":12921,"href":"https:\/\/agora.xtec.cat\/escolalavilapalamos\/wp-json\/wp\/v2\/posts\/12915\/revisions\/12921"}],"wp:featuredmedia":[{"embeddable":true,"href":"https:\/\/agora.xtec.cat\/escolalavilapalamos\/wp-json\/wp\/v2\/media\/12920"}],"wp:attachment":[{"href":"https:\/\/agora.xtec.cat\/escolalavilapalamos\/wp-json\/wp\/v2\/media?parent=12915"}],"wp:term":[{"taxonomy":"category","embeddable":true,"href":"https:\/\/agora.xtec.cat\/escolalavilapalamos\/wp-json\/wp\/v2\/categories?post=12915"},{"taxonomy":"post_tag","embeddable":true,"href":"https:\/\/agora.xtec.cat\/escolalavilapalamos\/wp-json\/wp\/v2\/tags?post=12915"}],"curies":[{"name":"wp","href":"https:\/\/api.w.org\/{rel}","templated":true}]}}