{"id":12908,"date":"2023-03-03T08:00:25","date_gmt":"2023-03-03T07:00:25","guid":{"rendered":"https:\/\/agora.xtec.cat\/escolalavilapalamos\/?p=12908"},"modified":"2023-03-06T08:56:51","modified_gmt":"2023-03-06T07:56:51","slug":"portes-obertes-2","status":"publish","type":"post","link":"https:\/\/agora.xtec.cat\/escolalavilapalamos\/general\/portes-obertes-2\/","title":{"rendered":"Jornada de Portes Obertes"},"content":{"rendered":"<div class=\"entry-content\">\n<p><img loading=\"lazy\" decoding=\"async\" class=\"wp-image-12909 alignright\" src=\"https:\/\/agora.xtec.cat\/escolalavilapalamos\/wp-content\/uploads\/usu897\/2023\/02\/Portes-obertes-2023.jpg\" alt=\"\" width=\"446\" height=\"349\" srcset=\"https:\/\/agora.xtec.cat\/escolalavilapalamos\/wp-content\/uploads\/usu897\/2023\/02\/Portes-obertes-2023.jpg 729w, https:\/\/agora.xtec.cat\/escolalavilapalamos\/wp-content\/uploads\/usu897\/2023\/02\/Portes-obertes-2023-300x235.jpg 300w\" sizes=\"auto, (max-width: 446px) 100vw, 446px\" \/><\/p>\n<\/div>\n<div class=\"entry-content\">\n<p><strong>Dissabte 4 de mar\u00e7 a les 9:30 h<\/strong><\/p>\n<p><strong>Dilluns 6 de mar\u00e7 a les 9 h<\/strong><\/p>\n<p><strong>Dimarts 7 de mar\u00e7 a les 15h<\/strong><\/p>\n<p>Rebuda en el pavell\u00f3 de l\u2019escola. Presentaci\u00f3 del projecte educatiu del centre. A continuaci\u00f3 visita de les instal\u00b7lacions<\/p>\n<p><a href=\"https:\/\/drive.google.com\/file\/d\/1Yn0BRfWFm8yM_nA0lV4v0PTXAHtUUw7G\/view?usp=sharing\">Presentaci\u00f3 de Portes Obertes<\/a>.<\/p>\n<p><a href=\"https:\/\/drive.google.com\/file\/d\/1iNlMmgjXFDUMCpiZS8nJTzGdG_pX_71B\/view?usp=sharing\">Tr\u00edptic amb informaci\u00f3 de l&#8217;escola<\/a><\/p>\n<p><a href=\"http:\/\/www.fbofill.cat\/publicacions\/8-orientacions-triar-escola\">8 recomanacions per triar escola<\/a>. Fundaci\u00f3 Jaume Bofill<\/p>\n<p>Segueix el dia a dia de l\u2019escola des dels nostres canals: <a href=\"https:\/\/www.facebook.com\/escola.lavilapalamos\">facebook<\/a>, <a href=\"https:\/\/twitter.com\/EscolalaVila\">twitter<\/a> i <a href=\"https:\/\/www.instagram.com\/escolalavila\/\">instagram\u00a0<\/a><\/p>\n<p><iframe loading=\"lazy\" src=\"\/\/www.youtube.com\/embed\/AyR1cLYE5Ts\" width=\"560\" height=\"314\" allowfullscreen=\"allowfullscreen\" data-mce-fragment=\"1\"><\/iframe><\/p>\n<p><iframe loading=\"lazy\" src=\"\/\/www.youtube.com\/embed\/iOYtYsUboKw\" width=\"560\" height=\"314\" allowfullscreen=\"allowfullscreen\" data-mce-fragment=\"1\"><\/iframe><\/p>\n<p class=\"carousel-text\"><em><a href=\"https:\/\/open.spotify.com\/episode\/2aIFfEgCgnM5NsRVyIZaH3?si=1fb7e2b6ec5e41fb\" target=\"_blank\" rel=\"noopener\"> <span class=\"col-sm-12 dekstop\">Podcast de la preinscripci\u00f3 escolar del Departament d&#8217;Educaci\u00f3<\/span><br \/>\n<\/a><\/em><\/p>\n<p class=\"descripcio grayDescription\"><em>Escolta com triar centre, preparar la documentaci\u00f3, presentar-la, respectar els terminis i entendre el sistema de punts<\/em><\/p>\n<p><strong>Preinscripci\u00f3 23-24 <\/strong><a href=\"https:\/\/drive.google.com\/file\/d\/1hk6jju54RVIxez8cwnJ2ykK_uNCi-5zU\/view?usp=sharing\">Calendari<\/a> , <a href=\"https:\/\/drive.google.com\/file\/d\/1YBFTYATPykTri65OxGCPXbqgGIGAVl7E\/view?usp=sharing\">Documentaci\u00f3 i criteris<\/a>\u00a0 i\u00a0 Enlla\u00e7 per fer la preinscripci\u00f3 a INFANTIL. Enlla\u00e7 per fer la preinscripci\u00f3 a PRIM\u00c0RIA <em>( en breu )<\/em><\/p>\n<p><a href=\"https:\/\/drive.google.com\/file\/d\/13lG4BSuUxIL_xBKhnHeU3b7b_6gh4d8S\/view?usp=sharing\">Oferta de places a l&#8217;Escola La Vila<\/a><em><br \/>\n<\/em><\/p>\n<p class=\"style-scope ytd-watch-metadata\"><a href=\"https:\/\/youtu.be\/5DvAVUSNLCQ\">La preinscripci\u00f3 escolar 2023<\/a> ,\u00a0 <a href=\"https:\/\/youtu.be\/xwo2A2U-g30\">Com emplenar la sol\u00b7licitud de preinscripci\u00f3 escolar (2023-2024)<\/a>. Audiovisuals informatius<\/p>\n<p>El termini de presentaci\u00f3 de sol\u00b7licituds previstos per al <strong>segon cicle d\u2019educaci\u00f3 infantil, prim\u00e0ria i secund\u00e0ria obligat\u00f2ria \u00e9s del 6 al 20 de mar\u00e7, ambd\u00f3s inclosos.<\/strong><\/p>\n<p><a href=\"https:\/\/agora.xtec.cat\/escolalavilapalamos\/wp-content\/uploads\/usu897\/2023\/03\/PREINSCRIPCIO-EI-PRIMARIA-23-24.-.jpg\">Infoescola. Preinscripci\u00f3 dels ensenyaments obligatoris 2023-24<\/a><em><br \/>\n<\/em><\/p>\n<p><a href=\"https:\/\/drive.google.com\/file\/d\/1pp0QhuCmbwi9PXEg8aQ7Y1dYoIEC-zRr\/view?usp=sharing\">RESOLUCI\u00d3 EDU\/507\/2023, de 16 de febrer, per la qual s&#8217;aproven les normes de preinscripci\u00f3 i matr\u00edcula d&#8217;alumnes als centres del Servei d&#8217;Educaci\u00f3 de Catalunya i altres centres educatius, en els diversos ensenyaments sostinguts amb fons p\u00fablics, per al curs 2023-2024.<\/a><\/p>\n<p>Tota la informaci\u00f3 sobre la preinscripci\u00f3 del Departament d\u2019Ensenyament la trobareu <a href=\"https:\/\/preinscripcio.gencat.cat\/ca\/inici\">aqu\u00ed<\/a>.<\/p>\n<\/div>\n","protected":false},"excerpt":{"rendered":"<p>Dissabte 4 de mar\u00e7 a les 9:30 h<br \/>\nDilluns 6 de mar\u00e7 a les 9 h<br \/>\nDimarts 7 de mar\u00e7 a les 15h<br \/>\nRebuda en el pavell\u00f3 de l\u2019escola. Presentaci\u00f3 del projecte educatiu del centre. A continuaci\u00f3 visita de les instal\u00b7lacions<br \/>\n<a href=\"https:\/\/drive.google.com\/file\/d\/1Yn0BRfWFm8yM_nA0lV4v0PTXAHtUUw7G\/view?usp=sharing\">Presentaci\u00f3 de Portes Obertes<\/a>.<br \/>\n<a href=\"https:\/\/drive.google.com\/file\/d\/1iNlMmgjXFDUMCpiZS8nJTzGdG_pX_71B\/view?usp=sharing\">Tr\u00edptic amb informaci\u00f3&hellip;  <a href=\"https:\/\/agora.xtec.cat\/escolalavilapalamos\/general\/portes-obertes-2\/\" title=\"Read Jornada de Portes Obertes\">Llegeix m\u00e9s\u00bb<\/a><\/p>\n","protected":false},"author":1,"featured_media":12909,"comment_status":"open","ping_status":"closed","sticky":false,"template":"","format":"standard","meta":{"_bbp_topic_count":0,"_bbp_reply_count":0,"_bbp_total_topic_count":0,"_bbp_total_reply_count":0,"_bbp_voice_count":0,"_bbp_anonymous_reply_count":0,"_bbp_topic_count_hidden":0,"_bbp_reply_count_hidden":0,"_bbp_forum_subforum_count":0,"footnotes":""},"categories":[1,4],"tags":[],"class_list":["post-12908","post","type-post","status-publish","format-standard","has-post-thumbnail","hentry","category-general","category-portada"],"post_mailing_queue_ids":[],"_links":{"self":[{"href":"https:\/\/agora.xtec.cat\/escolalavilapalamos\/wp-json\/wp\/v2\/posts\/12908","targetHints":{"allow":["GET"]}}],"collection":[{"href":"https:\/\/agora.xtec.cat\/escolalavilapalamos\/wp-json\/wp\/v2\/posts"}],"about":[{"href":"https:\/\/agora.xtec.cat\/escolalavilapalamos\/wp-json\/wp\/v2\/types\/post"}],"author":[{"embeddable":true,"href":"https:\/\/agora.xtec.cat\/escolalavilapalamos\/wp-json\/wp\/v2\/users\/1"}],"replies":[{"embeddable":true,"href":"https:\/\/agora.xtec.cat\/escolalavilapalamos\/wp-json\/wp\/v2\/comments?post=12908"}],"version-history":[{"count":2,"href":"https:\/\/agora.xtec.cat\/escolalavilapalamos\/wp-json\/wp\/v2\/posts\/12908\/revisions"}],"predecessor-version":[{"id":13048,"href":"https:\/\/agora.xtec.cat\/escolalavilapalamos\/wp-json\/wp\/v2\/posts\/12908\/revisions\/13048"}],"wp:featuredmedia":[{"embeddable":true,"href":"https:\/\/agora.xtec.cat\/escolalavilapalamos\/wp-json\/wp\/v2\/media\/12909"}],"wp:attachment":[{"href":"https:\/\/agora.xtec.cat\/escolalavilapalamos\/wp-json\/wp\/v2\/media?parent=12908"}],"wp:term":[{"taxonomy":"category","embeddable":true,"href":"https:\/\/agora.xtec.cat\/escolalavilapalamos\/wp-json\/wp\/v2\/categories?post=12908"},{"taxonomy":"post_tag","embeddable":true,"href":"https:\/\/agora.xtec.cat\/escolalavilapalamos\/wp-json\/wp\/v2\/tags?post=12908"}],"curies":[{"name":"wp","href":"https:\/\/api.w.org\/{rel}","templated":true}]}}