{"id":12895,"date":"2023-02-10T15:29:21","date_gmt":"2023-02-10T14:29:21","guid":{"rendered":"https:\/\/agora.xtec.cat\/escolalavilapalamos\/?p=12895"},"modified":"2023-02-13T09:23:50","modified_gmt":"2023-02-13T08:23:50","slug":"fem-robotica-a-4t-amb-lego-spike","status":"publish","type":"post","link":"https:\/\/agora.xtec.cat\/escolalavilapalamos\/general\/fem-robotica-a-4t-amb-lego-spike\/","title":{"rendered":"Fem rob\u00f2tica a 4t amb Lego Spike!"},"content":{"rendered":"<p style=\"text-align: left;\"><span style=\"font-weight: 400;\"><img loading=\"lazy\" decoding=\"async\" class=\"wp-image-12896 alignright\" src=\"https:\/\/agora.xtec.cat\/escolalavilapalamos\/wp-content\/uploads\/usu897\/2023\/02\/Captura.png\" alt=\"\" width=\"382\" height=\"281\" srcset=\"https:\/\/agora.xtec.cat\/escolalavilapalamos\/wp-content\/uploads\/usu897\/2023\/02\/Captura.png 926w, https:\/\/agora.xtec.cat\/escolalavilapalamos\/wp-content\/uploads\/usu897\/2023\/02\/Captura-300x221.png 300w, https:\/\/agora.xtec.cat\/escolalavilapalamos\/wp-content\/uploads\/usu897\/2023\/02\/Captura-768x565.png 768w\" sizes=\"auto, (max-width: 382px) 100vw, 382px\" \/>Aquest trimestre els nens i nenes de 4t durem a terme sessions de rob\u00f2tica amb el programa <strong>lego Spike <\/strong><\/span><span style=\"font-weight: 400;\">que ens ha proporcionat l\u2019ajuntament de Palam\u00f3s<\/span><span style=\"font-weight: 400;\">, on fem activitats l\u00fadiques enfocades a potenciar la iniciativa, la creativitat, les habilitats comunicatives, el treball en equip, la mem\u00f2ria, l&#8217;orientaci\u00f3 en l&#8217;espai i en el temps, l&#8217;habilitat manual &#8230; i tot a trav\u00e9s de la interacci\u00f3 amb robots que hem d&#8217;anar construint i <\/span><span style=\"font-weight: 400;\">que actuen seguint les nostres consignes.\u00a0<\/span><\/p>\n<p style=\"text-align: left;\"><span style=\"font-weight: 400;\">Programant ordres al<\/span><span style=\"font-weight: 400;\">s robots<\/span><span style=\"font-weight: 400;\"> hem apr\u00e8s a resoldre junts petits reptes i a aprendre dels errors d&#8217;una manera divertida.<\/span><\/p>\n<p style=\"text-align: left;\">Clica la <a href=\"https:\/\/photos.app.goo.gl\/9e6Sge8rdVkdEWyX9\">imatge<\/a> per veure algun recull de fotografies que hem fet.<\/p>\n<p>&nbsp;<\/p>\n","protected":false},"excerpt":{"rendered":"<p>Aquest trimestre els nens i nenes de 4t durem a terme sessions de rob\u00f2tica amb el programa lego Spike que ens ha proporcionat l\u2019ajuntament de Palam\u00f3s, on fem activitats l\u00fadiques enfocades a potenciar la iniciativa, la creativitat, les habilitats comunicatives, el treball en equip, la&hellip;  <a href=\"https:\/\/agora.xtec.cat\/escolalavilapalamos\/general\/fem-robotica-a-4t-amb-lego-spike\/\" title=\"Read Fem rob\u00f2tica a 4t amb Lego Spike!\">Llegeix m\u00e9s\u00bb<\/a><\/p>\n","protected":false},"author":132,"featured_media":12896,"comment_status":"closed","ping_status":"closed","sticky":false,"template":"","format":"standard","meta":{"_bbp_topic_count":0,"_bbp_reply_count":0,"_bbp_total_topic_count":0,"_bbp_total_reply_count":0,"_bbp_voice_count":0,"_bbp_anonymous_reply_count":0,"_bbp_topic_count_hidden":0,"_bbp_reply_count_hidden":0,"_bbp_forum_subforum_count":0,"footnotes":""},"categories":[128,1,4,5],"tags":[],"class_list":["post-12895","post","type-post","status-publish","format-standard","has-post-thumbnail","hentry","category-comunitat-de-grans","category-general","category-portada","category-primaria"],"post_mailing_queue_ids":[],"_links":{"self":[{"href":"https:\/\/agora.xtec.cat\/escolalavilapalamos\/wp-json\/wp\/v2\/posts\/12895","targetHints":{"allow":["GET"]}}],"collection":[{"href":"https:\/\/agora.xtec.cat\/escolalavilapalamos\/wp-json\/wp\/v2\/posts"}],"about":[{"href":"https:\/\/agora.xtec.cat\/escolalavilapalamos\/wp-json\/wp\/v2\/types\/post"}],"author":[{"embeddable":true,"href":"https:\/\/agora.xtec.cat\/escolalavilapalamos\/wp-json\/wp\/v2\/users\/132"}],"replies":[{"embeddable":true,"href":"https:\/\/agora.xtec.cat\/escolalavilapalamos\/wp-json\/wp\/v2\/comments?post=12895"}],"version-history":[{"count":3,"href":"https:\/\/agora.xtec.cat\/escolalavilapalamos\/wp-json\/wp\/v2\/posts\/12895\/revisions"}],"predecessor-version":[{"id":12901,"href":"https:\/\/agora.xtec.cat\/escolalavilapalamos\/wp-json\/wp\/v2\/posts\/12895\/revisions\/12901"}],"wp:featuredmedia":[{"embeddable":true,"href":"https:\/\/agora.xtec.cat\/escolalavilapalamos\/wp-json\/wp\/v2\/media\/12896"}],"wp:attachment":[{"href":"https:\/\/agora.xtec.cat\/escolalavilapalamos\/wp-json\/wp\/v2\/media?parent=12895"}],"wp:term":[{"taxonomy":"category","embeddable":true,"href":"https:\/\/agora.xtec.cat\/escolalavilapalamos\/wp-json\/wp\/v2\/categories?post=12895"},{"taxonomy":"post_tag","embeddable":true,"href":"https:\/\/agora.xtec.cat\/escolalavilapalamos\/wp-json\/wp\/v2\/tags?post=12895"}],"curies":[{"name":"wp","href":"https:\/\/api.w.org\/{rel}","templated":true}]}}