{"id":12894,"date":"2023-02-13T09:19:21","date_gmt":"2023-02-13T08:19:21","guid":{"rendered":"https:\/\/agora.xtec.cat\/escolalavilapalamos\/?p=12894"},"modified":"2023-02-14T14:58:00","modified_gmt":"2023-02-14T13:58:00","slug":"el-pas-del-temps","status":"publish","type":"post","link":"https:\/\/agora.xtec.cat\/escolalavilapalamos\/portada\/el-pas-del-temps\/","title":{"rendered":"El pas del temps"},"content":{"rendered":"<p><img loading=\"lazy\" decoding=\"async\" class=\"wp-image-12905 alignright\" src=\"https:\/\/agora.xtec.cat\/escolalavilapalamos\/wp-content\/uploads\/usu897\/2023\/02\/1675951128823.jpg\" alt=\"\" width=\"459\" height=\"345\" srcset=\"https:\/\/agora.xtec.cat\/escolalavilapalamos\/wp-content\/uploads\/usu897\/2023\/02\/1675951128823.jpg 1247w, https:\/\/agora.xtec.cat\/escolalavilapalamos\/wp-content\/uploads\/usu897\/2023\/02\/1675951128823-300x225.jpg 300w, https:\/\/agora.xtec.cat\/escolalavilapalamos\/wp-content\/uploads\/usu897\/2023\/02\/1675951128823-1024x769.jpg 1024w, https:\/\/agora.xtec.cat\/escolalavilapalamos\/wp-content\/uploads\/usu897\/2023\/02\/1675951128823-768x576.jpg 768w, https:\/\/agora.xtec.cat\/escolalavilapalamos\/wp-content\/uploads\/usu897\/2023\/02\/1675951128823-200x150.jpg 200w\" sizes=\"auto, (max-width: 459px) 100vw, 459px\" \/>A 1r. ens passa el temps volant !<\/p>\n<p>I per entendre com passa el temps, estem investigant una mica!<\/p>\n<p>Hem comen\u00e7at parlant del canvi d&#8217;any, del 2022 al 2023; qu\u00e8 passa quan comencem un any nou? I aix\u00f2 ens ha portat a fer experiments al pati, a descobrir que la Terra es mou, a mirar canvis en la posici\u00f3 del sol i de les ombres,\u00a0 a descobrir que la Terra fa un cam\u00ed al voltant del Sol que dura tot un any, i que mentre gira, van passant els mesos, i nosaltres anem canviant i ens anem fent grans. I encara ens queda molt per descobrir!<\/p>\n<p>De moment, el que anem treballant, tamb\u00e9 ho dibuixem per a entendre-ho i recordar-ho millor.<\/p>\n<p>Qu\u00e8 us semblen les nostres creacions? <a href=\"https:\/\/photos.app.goo.gl\/VAK4ENZPAJkRiwa68\">AQU\u00cd LES TENIU !<\/a><\/p>\n","protected":false},"excerpt":{"rendered":"<p>A 1r. ens passa el temps volant !<br \/>\nI per entendre com passa el temps, estem investigant una mica!<br \/>\nHem comen\u00e7at parlant del canvi d&#8217;any, del 2022 al 2023; qu\u00e8 passa quan comencem un any nou? I aix\u00f2 ens ha portat a fer experiments al pati, a&hellip;  <a href=\"https:\/\/agora.xtec.cat\/escolalavilapalamos\/portada\/el-pas-del-temps\/\" title=\"Read El pas del temps\">Llegeix m\u00e9s\u00bb<\/a><\/p>\n","protected":false},"author":131,"featured_media":12905,"comment_status":"closed","ping_status":"closed","sticky":false,"template":"","format":"standard","meta":{"_bbp_topic_count":0,"_bbp_reply_count":0,"_bbp_total_topic_count":0,"_bbp_total_reply_count":0,"_bbp_voice_count":0,"_bbp_anonymous_reply_count":0,"_bbp_topic_count_hidden":0,"_bbp_reply_count_hidden":0,"_bbp_forum_subforum_count":0,"footnotes":""},"categories":[127,4],"tags":[],"class_list":["post-12894","post","type-post","status-publish","format-standard","has-post-thumbnail","hentry","category-comunitat-de-mitjans","category-portada"],"post_mailing_queue_ids":[],"_links":{"self":[{"href":"https:\/\/agora.xtec.cat\/escolalavilapalamos\/wp-json\/wp\/v2\/posts\/12894","targetHints":{"allow":["GET"]}}],"collection":[{"href":"https:\/\/agora.xtec.cat\/escolalavilapalamos\/wp-json\/wp\/v2\/posts"}],"about":[{"href":"https:\/\/agora.xtec.cat\/escolalavilapalamos\/wp-json\/wp\/v2\/types\/post"}],"author":[{"embeddable":true,"href":"https:\/\/agora.xtec.cat\/escolalavilapalamos\/wp-json\/wp\/v2\/users\/131"}],"replies":[{"embeddable":true,"href":"https:\/\/agora.xtec.cat\/escolalavilapalamos\/wp-json\/wp\/v2\/comments?post=12894"}],"version-history":[{"count":3,"href":"https:\/\/agora.xtec.cat\/escolalavilapalamos\/wp-json\/wp\/v2\/posts\/12894\/revisions"}],"predecessor-version":[{"id":12907,"href":"https:\/\/agora.xtec.cat\/escolalavilapalamos\/wp-json\/wp\/v2\/posts\/12894\/revisions\/12907"}],"wp:featuredmedia":[{"embeddable":true,"href":"https:\/\/agora.xtec.cat\/escolalavilapalamos\/wp-json\/wp\/v2\/media\/12905"}],"wp:attachment":[{"href":"https:\/\/agora.xtec.cat\/escolalavilapalamos\/wp-json\/wp\/v2\/media?parent=12894"}],"wp:term":[{"taxonomy":"category","embeddable":true,"href":"https:\/\/agora.xtec.cat\/escolalavilapalamos\/wp-json\/wp\/v2\/categories?post=12894"},{"taxonomy":"post_tag","embeddable":true,"href":"https:\/\/agora.xtec.cat\/escolalavilapalamos\/wp-json\/wp\/v2\/tags?post=12894"}],"curies":[{"name":"wp","href":"https:\/\/api.w.org\/{rel}","templated":true}]}}