{"id":12869,"date":"2023-02-10T15:13:59","date_gmt":"2023-02-10T14:13:59","guid":{"rendered":"https:\/\/agora.xtec.cat\/escolalavilapalamos\/?p=12869"},"modified":"2023-02-10T15:13:59","modified_gmt":"2023-02-10T14:13:59","slug":"les-propostes-a-i3","status":"publish","type":"post","link":"https:\/\/agora.xtec.cat\/escolalavilapalamos\/general\/les-propostes-a-i3\/","title":{"rendered":"Les propostes a I3"},"content":{"rendered":"<p style=\"text-align: justify;\">A l&#8217;\u00faltima entrada, us vam explicar <strong>el treball d&#8217;h\u00e0bits i rutines<\/strong> que hem estat fent durant el primer trimestre. Ara, que ja estem adaptats\/es, us volem explicar qu\u00e8 m\u00e9s fem quan estem a l&#8217;escola.<\/p>\n<p><img loading=\"lazy\" decoding=\"async\" class=\"alignright wp-image-12888 \" src=\"https:\/\/agora.xtec.cat\/escolalavilapalamos\/wp-content\/uploads\/usu897\/2023\/02\/1664999773951-scaled.jpg\" alt=\"\" width=\"394\" height=\"296\" srcset=\"https:\/\/agora.xtec.cat\/escolalavilapalamos\/wp-content\/uploads\/usu897\/2023\/02\/1664999773951-scaled.jpg 2560w, https:\/\/agora.xtec.cat\/escolalavilapalamos\/wp-content\/uploads\/usu897\/2023\/02\/1664999773951-300x225.jpg 300w, https:\/\/agora.xtec.cat\/escolalavilapalamos\/wp-content\/uploads\/usu897\/2023\/02\/1664999773951-1024x769.jpg 1024w, https:\/\/agora.xtec.cat\/escolalavilapalamos\/wp-content\/uploads\/usu897\/2023\/02\/1664999773951-768x577.jpg 768w, https:\/\/agora.xtec.cat\/escolalavilapalamos\/wp-content\/uploads\/usu897\/2023\/02\/1664999773951-1536x1153.jpg 1536w, https:\/\/agora.xtec.cat\/escolalavilapalamos\/wp-content\/uploads\/usu897\/2023\/02\/1664999773951-2048x1538.jpg 2048w, https:\/\/agora.xtec.cat\/escolalavilapalamos\/wp-content\/uploads\/usu897\/2023\/02\/1664999773951-200x150.jpg 200w\" sizes=\"auto, (max-width: 394px) 100vw, 394px\" \/><\/p>\n<p style=\"text-align: justify;\">Les nostres aules estan organitzades per diferents microespais: <strong>zona de rotllana, zona de biblioteca, zona de joc simb\u00f2lic, zona de construccions i zona de taules<\/strong>. Tot i que els microespais son iguals a les dues classes, les propostes que hi ha a cadascuna d&#8217;elles s\u00f3n diferents. D&#8217;aquesta manera, oferim un ventall m\u00e9s ampli de possibilitats.<\/p>\n<p style=\"text-align: justify;\">Durant l&#8217;estona de propostes, les portes de les aules sempre estan obertes i els\/les nens\/es poden triar all\u00e0 on volen anar a jugar. Aix\u00f2 els\/les agrada molt, ja que els\/les permet relacionar-se amb tots\/es els\/les companys\/es independentment que siguin d&#8217;un grup o d&#8217;un altre.<\/p>\n<p>Les propostes es van canviant amb una freq\u00fc\u00e8ncia indeterminada depenent de l&#8217;\u00fas que en facin els\/les alumnes i, tamb\u00e9, de les possibilitats d&#8217;aprenentatge que els\/les ofereixen. Us deixem un petit recull de <a href=\"https:\/\/photos.app.goo.gl\/YXrZNr6wAhVTAERY7\">fotos<\/a> per tal que veieu com les gaudim.<\/p>\n","protected":false},"excerpt":{"rendered":"<p>A l&#8217;\u00faltima entrada, us vam explicar el treball d&#8217;h\u00e0bits i rutines que hem estat fent durant el primer trimestre. Ara, que ja estem adaptats\/es, us volem explicar qu\u00e8 m\u00e9s fem quan estem a l&#8217;escola.<\/p>\n<p>Les nostres aules estan organitzades per diferents microespais: zona de rotllana, zona&hellip;  <a href=\"https:\/\/agora.xtec.cat\/escolalavilapalamos\/general\/les-propostes-a-i3\/\" title=\"Read Les propostes a I3\">Llegeix m\u00e9s\u00bb<\/a><\/p>\n","protected":false},"author":128,"featured_media":12887,"comment_status":"open","ping_status":"closed","sticky":false,"template":"","format":"standard","meta":{"_bbp_topic_count":0,"_bbp_reply_count":0,"_bbp_total_topic_count":0,"_bbp_total_reply_count":0,"_bbp_voice_count":0,"_bbp_anonymous_reply_count":0,"_bbp_topic_count_hidden":0,"_bbp_reply_count_hidden":0,"_bbp_forum_subforum_count":0,"footnotes":""},"categories":[2,1,4],"tags":[],"class_list":["post-12869","post","type-post","status-publish","format-standard","has-post-thumbnail","hentry","category-infantil","category-general","category-portada"],"post_mailing_queue_ids":[],"_links":{"self":[{"href":"https:\/\/agora.xtec.cat\/escolalavilapalamos\/wp-json\/wp\/v2\/posts\/12869","targetHints":{"allow":["GET"]}}],"collection":[{"href":"https:\/\/agora.xtec.cat\/escolalavilapalamos\/wp-json\/wp\/v2\/posts"}],"about":[{"href":"https:\/\/agora.xtec.cat\/escolalavilapalamos\/wp-json\/wp\/v2\/types\/post"}],"author":[{"embeddable":true,"href":"https:\/\/agora.xtec.cat\/escolalavilapalamos\/wp-json\/wp\/v2\/users\/128"}],"replies":[{"embeddable":true,"href":"https:\/\/agora.xtec.cat\/escolalavilapalamos\/wp-json\/wp\/v2\/comments?post=12869"}],"version-history":[{"count":4,"href":"https:\/\/agora.xtec.cat\/escolalavilapalamos\/wp-json\/wp\/v2\/posts\/12869\/revisions"}],"predecessor-version":[{"id":12900,"href":"https:\/\/agora.xtec.cat\/escolalavilapalamos\/wp-json\/wp\/v2\/posts\/12869\/revisions\/12900"}],"wp:featuredmedia":[{"embeddable":true,"href":"https:\/\/agora.xtec.cat\/escolalavilapalamos\/wp-json\/wp\/v2\/media\/12887"}],"wp:attachment":[{"href":"https:\/\/agora.xtec.cat\/escolalavilapalamos\/wp-json\/wp\/v2\/media?parent=12869"}],"wp:term":[{"taxonomy":"category","embeddable":true,"href":"https:\/\/agora.xtec.cat\/escolalavilapalamos\/wp-json\/wp\/v2\/categories?post=12869"},{"taxonomy":"post_tag","embeddable":true,"href":"https:\/\/agora.xtec.cat\/escolalavilapalamos\/wp-json\/wp\/v2\/tags?post=12869"}],"curies":[{"name":"wp","href":"https:\/\/api.w.org\/{rel}","templated":true}]}}