{"id":12857,"date":"2023-02-03T19:38:50","date_gmt":"2023-02-03T18:38:50","guid":{"rendered":"https:\/\/agora.xtec.cat\/escolalavilapalamos\/?p=12857"},"modified":"2023-02-06T09:17:09","modified_gmt":"2023-02-06T08:17:09","slug":"internet-segura-2","status":"publish","type":"post","link":"https:\/\/agora.xtec.cat\/escolalavilapalamos\/general\/internet-segura-2\/","title":{"rendered":"Internet segura"},"content":{"rendered":"<p><strong><a href=\"https:\/\/agora.xtec.cat\/escolalavilapalamos\/wp-content\/uploads\/usu897\/2023\/02\/DiaInternetSegura_Logo.png\"><img loading=\"lazy\" decoding=\"async\" class=\"alignleft wp-image-12858 \" src=\"https:\/\/agora.xtec.cat\/escolalavilapalamos\/wp-content\/uploads\/usu897\/2023\/02\/DiaInternetSegura_Logo.png\" alt=\"\" width=\"360\" height=\"378\" srcset=\"https:\/\/agora.xtec.cat\/escolalavilapalamos\/wp-content\/uploads\/usu897\/2023\/02\/DiaInternetSegura_Logo.png 772w, https:\/\/agora.xtec.cat\/escolalavilapalamos\/wp-content\/uploads\/usu897\/2023\/02\/DiaInternetSegura_Logo-286x300.png 286w, https:\/\/agora.xtec.cat\/escolalavilapalamos\/wp-content\/uploads\/usu897\/2023\/02\/DiaInternetSegura_Logo-768x807.png 768w\" sizes=\"auto, (max-width: 360px) 100vw, 360px\" \/><\/a><\/strong><\/p>\n<div class=\"fusion-text fusion-text-2 fusion-text-no-margin\">\n<p>El\u00a0<strong>7 de febrer<\/strong>\u00a0se celebra el\u00a0<strong>Dia de la Internet Segura<\/strong>\u00a02023. Aquesta data est\u00e0 marcada al calendari, des de fa ja vint anys, per posar \u00e8mfasi en la necessitat de construir entre totes i tots una Internet millor: m\u00e9s segura, m\u00e9s saludable, m\u00e9s \u00e8tica.<\/p>\n<\/div>\n<div class=\"fusion-text fusion-text-3 fusion-text-no-margin\">\n<p>Com cada any, des d\u2019<a href=\"https:\/\/internetsegura.cat\/definicio-projecte\/\"><strong>Internet Segura<\/strong><\/a>, i coincidint amb la celebraci\u00f3 de les dues d\u00e8cades d\u2019aquesta efem\u00e8ride, volem fer extensiva aquesta consigna d\u2019assolir una Internet millor a educadors, alumnes i fam\u00edlies. Tots tres col\u00b7lectius esdevenen un puntual indispensable perqu\u00e8 les noves generacions creixin en un entorn digital saludable i respectu\u00f3s. I ho fem amb un lema ben di\u00e0fan: \u2018Conquereix Internet i apr\u00e8n a protegir-te\u2019. Perqu\u00e8 aquest 2023 considerem que l\u2019autoprotecci\u00f3, en els entorns digitals en qu\u00e8 ens movem, \u00e9s indispensable per assolir una seguretat digital necess\u00e0ria per al nostre dia a dia.<\/p>\n<\/div>\n<div class=\"fusion-text fusion-text-4 fusion-text-no-margin\">\n<p>El\u00a0<strong><a href=\"https:\/\/www.saferinternetday.org\/\" target=\"_blank\" rel=\"noopener\">Safer Internet Day<\/a><\/strong>\u00a0es va proposar en el marc de la Uni\u00f3 Europea i en el marc del projecte\u00a0<strong>SafeBorders<\/strong>. De llavors en\u00e7\u00e0 s\u2019ha est\u00e8s de manera global i actualment se celebra a uns 170 pa\u00efsos. Tot i que origin\u00e0riament Insafe era la xarxa que aglutinava totes les activitats, des de 2016 es va rebatejar com a<strong>\u00a0<a href=\"https:\/\/www.betterinternetforkids.eu\/\" target=\"_blank\" rel=\"noopener\">Better Internet for Kids<\/a>\u00a0<\/strong>amb l\u2019enfocament de la Comissi\u00f3 Europea del\u00a0<strong><em><a href=\"https:\/\/ec.europa.eu\/digital-single-market\/en\/policies\/better-internet-kids\" target=\"_blank\" rel=\"noopener\">Creating a Better Internet for Kids<\/a><\/em><\/strong>.<\/p>\n<p>La nova estrat\u00e8gia per a una Internet millor per a nens i nenes, adoptada l\u201911 de maig de 2022, garanteix que els infants estiguin protegits, que hom els respecti i els empoderi a la xarxa amb la mirada posada a la nova D\u00e8cada Digital, d\u2019acord amb els Principis Digitals Europeus. Aquesta nova estrat\u00e8gia parteix de l\u2019anterior i s\u2019ha adaptat als nous aspectes i contextos tecnol\u00f2gics i legislatius. Es preveu tenir ben aviat una versi\u00f3 adaptada als nens i nenes d\u2019aquesta<strong>\u00a0<a href=\"https:\/\/digital-strategy.ec.europa.eu\/en\/policies\/strategy-better-internet-kids\">nova Estrat\u00e8gia BIK+<\/a><\/strong>.<\/p>\n<\/div>\n<p>Internet segura. <a href=\"https:\/\/internetsegura.cat\/suplantacio-identitat-primaria\">Materials did\u00e0ctics<\/a>. <a href=\"https:\/\/internetsegura.cat\/definicio-projecte\/dia-internet-segura\/\">Programa del dia de la Internet segura.<\/a><\/p>\n<p>Trobareu jocs i activitats d&#8217;Internet segura a <a href=\"https:\/\/www.edu365.cat\/internetsegura\/index.html\">www.edu365.cat\/internetsegura\/index.htm<\/a><\/p>\n","protected":false},"excerpt":{"rendered":"<p><a href=\"https:\/\/agora.xtec.cat\/escolalavilapalamos\/wp-content\/uploads\/usu897\/2023\/02\/DiaInternetSegura_Logo.png\"><\/a><\/p>\n<p>El\u00a07 de febrer\u00a0se celebra el\u00a0Dia de la Internet Segura\u00a02023. Aquesta data est\u00e0 marcada al calendari, des de fa ja vint anys, per posar \u00e8mfasi en la necessitat de construir entre totes i tots una Internet millor: m\u00e9s segura, m\u00e9s saludable, m\u00e9s \u00e8tica.<\/p>\n<p>Com cada any,&hellip;  <a href=\"https:\/\/agora.xtec.cat\/escolalavilapalamos\/general\/internet-segura-2\/\" title=\"Read Internet segura\">Llegeix m\u00e9s\u00bb<\/a><\/p>\n","protected":false},"author":1,"featured_media":12858,"comment_status":"open","ping_status":"closed","sticky":false,"template":"","format":"standard","meta":{"_bbp_topic_count":0,"_bbp_reply_count":0,"_bbp_total_topic_count":0,"_bbp_total_reply_count":0,"_bbp_voice_count":0,"_bbp_anonymous_reply_count":0,"_bbp_topic_count_hidden":0,"_bbp_reply_count_hidden":0,"_bbp_forum_subforum_count":0,"footnotes":""},"categories":[1,4],"tags":[],"class_list":["post-12857","post","type-post","status-publish","format-standard","has-post-thumbnail","hentry","category-general","category-portada"],"post_mailing_queue_ids":[],"_links":{"self":[{"href":"https:\/\/agora.xtec.cat\/escolalavilapalamos\/wp-json\/wp\/v2\/posts\/12857","targetHints":{"allow":["GET"]}}],"collection":[{"href":"https:\/\/agora.xtec.cat\/escolalavilapalamos\/wp-json\/wp\/v2\/posts"}],"about":[{"href":"https:\/\/agora.xtec.cat\/escolalavilapalamos\/wp-json\/wp\/v2\/types\/post"}],"author":[{"embeddable":true,"href":"https:\/\/agora.xtec.cat\/escolalavilapalamos\/wp-json\/wp\/v2\/users\/1"}],"replies":[{"embeddable":true,"href":"https:\/\/agora.xtec.cat\/escolalavilapalamos\/wp-json\/wp\/v2\/comments?post=12857"}],"version-history":[{"count":3,"href":"https:\/\/agora.xtec.cat\/escolalavilapalamos\/wp-json\/wp\/v2\/posts\/12857\/revisions"}],"predecessor-version":[{"id":12861,"href":"https:\/\/agora.xtec.cat\/escolalavilapalamos\/wp-json\/wp\/v2\/posts\/12857\/revisions\/12861"}],"wp:featuredmedia":[{"embeddable":true,"href":"https:\/\/agora.xtec.cat\/escolalavilapalamos\/wp-json\/wp\/v2\/media\/12858"}],"wp:attachment":[{"href":"https:\/\/agora.xtec.cat\/escolalavilapalamos\/wp-json\/wp\/v2\/media?parent=12857"}],"wp:term":[{"taxonomy":"category","embeddable":true,"href":"https:\/\/agora.xtec.cat\/escolalavilapalamos\/wp-json\/wp\/v2\/categories?post=12857"},{"taxonomy":"post_tag","embeddable":true,"href":"https:\/\/agora.xtec.cat\/escolalavilapalamos\/wp-json\/wp\/v2\/tags?post=12857"}],"curies":[{"name":"wp","href":"https:\/\/api.w.org\/{rel}","templated":true}]}}