{"id":12852,"date":"2023-02-09T11:44:54","date_gmt":"2023-02-09T10:44:54","guid":{"rendered":"https:\/\/agora.xtec.cat\/escolalavilapalamos\/?p=12852"},"modified":"2023-02-14T14:58:32","modified_gmt":"2023-02-14T13:58:32","slug":"sabeu-que-es-namaka","status":"publish","type":"post","link":"https:\/\/agora.xtec.cat\/escolalavilapalamos\/general\/sabeu-que-es-namaka\/","title":{"rendered":"Sabeu qu\u00e8 \u00e9s NAMAKA?"},"content":{"rendered":"<p><span style=\"font-weight: 400;\"><img loading=\"lazy\" decoding=\"async\" class=\"wp-image-12853 size-full alignleft\" src=\"https:\/\/agora.xtec.cat\/escolalavilapalamos\/wp-content\/uploads\/usu897\/2023\/02\/audioconte.jpg\" alt=\"\" width=\"225\" height=\"225\" srcset=\"https:\/\/agora.xtec.cat\/escolalavilapalamos\/wp-content\/uploads\/usu897\/2023\/02\/audioconte.jpg 225w, https:\/\/agora.xtec.cat\/escolalavilapalamos\/wp-content\/uploads\/usu897\/2023\/02\/audioconte-150x150.jpg 150w\" sizes=\"auto, (max-width: 225px) 100vw, 225px\" \/>L\u2019equip de diversitat de l\u2019escola us volem recomanar la revista NAMAKA, que tracta temes claus com ara la diversitat de cossos, el canvi clim\u00e0tic, la mort, la diversitat familiar o el feminisme, entre molts d\u2019altres. Considerem que aquesta revista us pot ajudar en l\u2019\u00e0mbit familiar a iniciar converses amb els vostres fills i filles sobre aspectes rellevants de la nostra societat.\u00a0<\/span><\/p>\n<p><span style=\"font-weight: 400;\">La revista <\/span><i><span style=\"font-weight: 400;\">Namaka <\/span><\/i><span style=\"font-weight: 400;\">est\u00e0 pensada per a totes les edats. Si tens entre 6 i 12 anys, podr\u00e0s llegir-la al teu ritme i si ets una persona m\u00e9s petita segur que hi ha alg\u00fa que t\u2019estima molt amb qui compartir estones de lectura i joc.\u00a0<\/span><\/p>\n<p><span style=\"font-weight: 400;\">Clicant aqu\u00ed <a href=\"https:\/\/revistanamaka.com\/\">NAMAKA<\/a> <\/span><span style=\"font-weight: 400;\">trobareu recursos gratu\u00efts per gaudir conjuntament tota la fam\u00edlia els temes de la revista.\u00a0<\/span><\/p>\n<p><span style=\"font-weight: 400;\">A continuaci\u00f3 podeu clicar la seg\u00fcent imatge i accedir a un exemple d\u2019activitat: un audioconte!<\/span><\/p>\n","protected":false},"excerpt":{"rendered":"<p>L\u2019equip de diversitat de l\u2019escola us volem recomanar la revista NAMAKA, que tracta temes claus com ara la diversitat de cossos, el canvi clim\u00e0tic, la mort, la diversitat familiar o el feminisme, entre molts d\u2019altres. Considerem que aquesta revista us pot ajudar en l\u2019\u00e0mbit familiar&hellip;  <a href=\"https:\/\/agora.xtec.cat\/escolalavilapalamos\/general\/sabeu-que-es-namaka\/\" title=\"Read Sabeu qu\u00e8 \u00e9s NAMAKA?\">Llegeix m\u00e9s\u00bb<\/a><\/p>\n","protected":false},"author":1,"featured_media":12853,"comment_status":"open","ping_status":"closed","sticky":false,"template":"","format":"standard","meta":{"_bbp_topic_count":0,"_bbp_reply_count":0,"_bbp_total_topic_count":0,"_bbp_total_reply_count":0,"_bbp_voice_count":0,"_bbp_anonymous_reply_count":0,"_bbp_topic_count_hidden":0,"_bbp_reply_count_hidden":0,"_bbp_forum_subforum_count":0,"footnotes":""},"categories":[1,4],"tags":[],"class_list":["post-12852","post","type-post","status-publish","format-standard","has-post-thumbnail","hentry","category-general","category-portada"],"post_mailing_queue_ids":[],"_links":{"self":[{"href":"https:\/\/agora.xtec.cat\/escolalavilapalamos\/wp-json\/wp\/v2\/posts\/12852","targetHints":{"allow":["GET"]}}],"collection":[{"href":"https:\/\/agora.xtec.cat\/escolalavilapalamos\/wp-json\/wp\/v2\/posts"}],"about":[{"href":"https:\/\/agora.xtec.cat\/escolalavilapalamos\/wp-json\/wp\/v2\/types\/post"}],"author":[{"embeddable":true,"href":"https:\/\/agora.xtec.cat\/escolalavilapalamos\/wp-json\/wp\/v2\/users\/1"}],"replies":[{"embeddable":true,"href":"https:\/\/agora.xtec.cat\/escolalavilapalamos\/wp-json\/wp\/v2\/comments?post=12852"}],"version-history":[{"count":3,"href":"https:\/\/agora.xtec.cat\/escolalavilapalamos\/wp-json\/wp\/v2\/posts\/12852\/revisions"}],"predecessor-version":[{"id":12868,"href":"https:\/\/agora.xtec.cat\/escolalavilapalamos\/wp-json\/wp\/v2\/posts\/12852\/revisions\/12868"}],"wp:featuredmedia":[{"embeddable":true,"href":"https:\/\/agora.xtec.cat\/escolalavilapalamos\/wp-json\/wp\/v2\/media\/12853"}],"wp:attachment":[{"href":"https:\/\/agora.xtec.cat\/escolalavilapalamos\/wp-json\/wp\/v2\/media?parent=12852"}],"wp:term":[{"taxonomy":"category","embeddable":true,"href":"https:\/\/agora.xtec.cat\/escolalavilapalamos\/wp-json\/wp\/v2\/categories?post=12852"},{"taxonomy":"post_tag","embeddable":true,"href":"https:\/\/agora.xtec.cat\/escolalavilapalamos\/wp-json\/wp\/v2\/tags?post=12852"}],"curies":[{"name":"wp","href":"https:\/\/api.w.org\/{rel}","templated":true}]}}