{"id":12847,"date":"2023-02-03T09:25:35","date_gmt":"2023-02-03T08:25:35","guid":{"rendered":"https:\/\/agora.xtec.cat\/escolalavilapalamos\/?p=12847"},"modified":"2023-02-03T09:25:35","modified_gmt":"2023-02-03T08:25:35","slug":"pirates-a-palamos-4","status":"publish","type":"post","link":"https:\/\/agora.xtec.cat\/escolalavilapalamos\/general\/pirates-a-palamos-4\/","title":{"rendered":"Pirates a Palam\u00f3s"},"content":{"rendered":"<p><a href=\"https:\/\/agora.xtec.cat\/escolalavilapalamos\/wp-content\/uploads\/usu897\/2023\/02\/image2.jpeg\"><img loading=\"lazy\" decoding=\"async\" class=\"aligncenter wp-image-12849 size-full\" src=\"https:\/\/agora.xtec.cat\/escolalavilapalamos\/wp-content\/uploads\/usu897\/2023\/02\/image2.jpeg\" alt=\"\" width=\"640\" height=\"480\" srcset=\"https:\/\/agora.xtec.cat\/escolalavilapalamos\/wp-content\/uploads\/usu897\/2023\/02\/image2.jpeg 640w, https:\/\/agora.xtec.cat\/escolalavilapalamos\/wp-content\/uploads\/usu897\/2023\/02\/image2-300x225.jpeg 300w, https:\/\/agora.xtec.cat\/escolalavilapalamos\/wp-content\/uploads\/usu897\/2023\/02\/image2-200x150.jpeg 200w\" sizes=\"auto, (max-width: 640px) 100vw, 640px\" \/><\/a><\/p>\n<p>Aquest dilluns 30 de gener, l&#8217;alumnat de 3r va fer la sortida de pirates per Palam\u00f3s. Vam sortir de la pla\u00e7a murada i vam fer la traject\u00f2ria del corsari Barba Rossa pel centre de Palam\u00f3s. Per posar-nos en context tamb\u00e9 vam parlar de l&#8217;origen de Palam\u00f3s. Ens van explicar la difer\u00e8ncia entre pirata i corsari, com s&#8217;orientaven al mar de dia i de nit, per qu\u00e8 volien les campanes de l&#8217;esgl\u00e9sia,&#8230;<\/p>\n<p>Us deixem unes quantes <a href=\"https:\/\/photos.app.goo.gl\/eyDJsM99prLBxmr2A\">fotos<\/a> de grup del dia.<\/p>\n","protected":false},"excerpt":{"rendered":"<p><a href=\"https:\/\/agora.xtec.cat\/escolalavilapalamos\/wp-content\/uploads\/usu897\/2023\/02\/image2.jpeg\"><\/a><br \/>\nAquest dilluns 30 de gener, l&#8217;alumnat de 3r va fer la sortida de pirates per Palam\u00f3s. Vam sortir de la pla\u00e7a murada i vam fer la traject\u00f2ria del corsari Barba Rossa pel centre de Palam\u00f3s. Per posar-nos en context tamb\u00e9 vam parlar de l&#8217;origen&hellip;  <a href=\"https:\/\/agora.xtec.cat\/escolalavilapalamos\/general\/pirates-a-palamos-4\/\" title=\"Read Pirates a Palam\u00f3s\">Llegeix m\u00e9s\u00bb<\/a><\/p>\n","protected":false},"author":131,"featured_media":12849,"comment_status":"open","ping_status":"closed","sticky":false,"template":"","format":"standard","meta":{"_bbp_topic_count":0,"_bbp_reply_count":0,"_bbp_total_topic_count":0,"_bbp_total_reply_count":0,"_bbp_voice_count":0,"_bbp_anonymous_reply_count":0,"_bbp_topic_count_hidden":0,"_bbp_reply_count_hidden":0,"_bbp_forum_subforum_count":0,"footnotes":""},"categories":[127,123,1,4],"tags":[90,120],"class_list":["post-12847","post","type-post","status-publish","format-standard","has-post-thumbnail","hentry","category-comunitat-de-mitjans","category-patis","category-general","category-portada","tag-3r","tag-comunitat-de-mitjans"],"post_mailing_queue_ids":[],"_links":{"self":[{"href":"https:\/\/agora.xtec.cat\/escolalavilapalamos\/wp-json\/wp\/v2\/posts\/12847","targetHints":{"allow":["GET"]}}],"collection":[{"href":"https:\/\/agora.xtec.cat\/escolalavilapalamos\/wp-json\/wp\/v2\/posts"}],"about":[{"href":"https:\/\/agora.xtec.cat\/escolalavilapalamos\/wp-json\/wp\/v2\/types\/post"}],"author":[{"embeddable":true,"href":"https:\/\/agora.xtec.cat\/escolalavilapalamos\/wp-json\/wp\/v2\/users\/131"}],"replies":[{"embeddable":true,"href":"https:\/\/agora.xtec.cat\/escolalavilapalamos\/wp-json\/wp\/v2\/comments?post=12847"}],"version-history":[{"count":3,"href":"https:\/\/agora.xtec.cat\/escolalavilapalamos\/wp-json\/wp\/v2\/posts\/12847\/revisions"}],"predecessor-version":[{"id":12851,"href":"https:\/\/agora.xtec.cat\/escolalavilapalamos\/wp-json\/wp\/v2\/posts\/12847\/revisions\/12851"}],"wp:featuredmedia":[{"embeddable":true,"href":"https:\/\/agora.xtec.cat\/escolalavilapalamos\/wp-json\/wp\/v2\/media\/12849"}],"wp:attachment":[{"href":"https:\/\/agora.xtec.cat\/escolalavilapalamos\/wp-json\/wp\/v2\/media?parent=12847"}],"wp:term":[{"taxonomy":"category","embeddable":true,"href":"https:\/\/agora.xtec.cat\/escolalavilapalamos\/wp-json\/wp\/v2\/categories?post=12847"},{"taxonomy":"post_tag","embeddable":true,"href":"https:\/\/agora.xtec.cat\/escolalavilapalamos\/wp-json\/wp\/v2\/tags?post=12847"}],"curies":[{"name":"wp","href":"https:\/\/api.w.org\/{rel}","templated":true}]}}