{"id":12778,"date":"2023-01-31T14:45:55","date_gmt":"2023-01-31T13:45:55","guid":{"rendered":"https:\/\/agora.xtec.cat\/escolalavilapalamos\/?p=12778"},"modified":"2023-01-31T14:45:55","modified_gmt":"2023-01-31T13:45:55","slug":"sortida-al-far-i-el-moll-comercial-i5","status":"publish","type":"post","link":"https:\/\/agora.xtec.cat\/escolalavilapalamos\/general\/sortida-al-far-i-el-moll-comercial-i5\/","title":{"rendered":"Sortida al far i el moll comercial I5"},"content":{"rendered":"<p style=\"text-align: justify;\"><img loading=\"lazy\" decoding=\"async\" class=\"wp-image-12836  alignright\" src=\"https:\/\/agora.xtec.cat\/escolalavilapalamos\/wp-content\/uploads\/usu897\/2023\/01\/9-1.jpeg\" alt=\"\" width=\"477\" height=\"358\" srcset=\"https:\/\/agora.xtec.cat\/escolalavilapalamos\/wp-content\/uploads\/usu897\/2023\/01\/9-1.jpeg 2000w, https:\/\/agora.xtec.cat\/escolalavilapalamos\/wp-content\/uploads\/usu897\/2023\/01\/9-1-300x225.jpeg 300w, https:\/\/agora.xtec.cat\/escolalavilapalamos\/wp-content\/uploads\/usu897\/2023\/01\/9-1-1024x768.jpeg 1024w, https:\/\/agora.xtec.cat\/escolalavilapalamos\/wp-content\/uploads\/usu897\/2023\/01\/9-1-768x576.jpeg 768w, https:\/\/agora.xtec.cat\/escolalavilapalamos\/wp-content\/uploads\/usu897\/2023\/01\/9-1-1536x1152.jpeg 1536w, https:\/\/agora.xtec.cat\/escolalavilapalamos\/wp-content\/uploads\/usu897\/2023\/01\/9-1-200x150.jpeg 200w\" sizes=\"auto, (max-width: 477px) 100vw, 477px\" \/>Els nens i les nenes d&#8217;I5 vam poder gaudir d\u2019un dia de sortida fant\u00e0stic!!!<\/p>\n<p style=\"text-align: justify;\">El divendres 27 de gener, dins el Projecte Palam\u00f3s, els nens i nenes d&#8217;I5 hem visitat el Far del nostre poble, situat a la Punta del Mol\u00ed.<\/p>\n<p style=\"text-align: justify;\">A banda de veure el far i les seves vistes, hem vist la pedra que simula la m\u00e0 del gegant, una roca coneguda per la \u201cLlegenda la Punta de la Galera de Palam\u00f3s\u201d, llegenda que s\u2019ha explicat darrerament a l\u2019escola.<\/p>\n<p>&nbsp;<\/p>\n<p style=\"text-align: justify;\">Tamb\u00e9 hem passejat per l\u2019escullera veient el Moll Comercial. Despr\u00e9s hem arribat fins a la Bola i, finalment, hem tornat a l\u2019escola.<\/p>\n<p style=\"text-align: justify;\">Tot i el fred hem gaudit molt d\u2019aquesta sortida!<\/p>\n<p style=\"text-align: justify;\">El dilluns 30 ens ha visitat la Sra. N\u00faria, dona del pen\u00faltim faroner de Palam\u00f3s! Li hem fet un munt de preguntes. Ha estat superinteressant!!!!<\/p>\n<p style=\"text-align: justify;\">Podeu clicar <a href=\"https:\/\/photos.app.goo.gl\/HZZ5f7u5AmLcv1TbA\">aqu\u00ed<\/a> per veure les fotos. Esperem que us agradin!<\/p>\n","protected":false},"excerpt":{"rendered":"<p>Els nens i les nenes d&#8217;I5 vam poder gaudir d\u2019un dia de sortida fant\u00e0stic!!!<br \/>\nEl divendres 27 de gener, dins el Projecte Palam\u00f3s, els nens i nenes d&#8217;I5 hem visitat el Far del nostre poble, situat a la Punta del Mol\u00ed.<br \/>\nA banda de veure el far&hellip;  <a href=\"https:\/\/agora.xtec.cat\/escolalavilapalamos\/general\/sortida-al-far-i-el-moll-comercial-i5\/\" title=\"Read Sortida al far i el moll comercial I5\">Llegeix m\u00e9s\u00bb<\/a><\/p>\n","protected":false},"author":128,"featured_media":12836,"comment_status":"open","ping_status":"closed","sticky":false,"template":"","format":"standard","meta":{"_bbp_topic_count":0,"_bbp_reply_count":0,"_bbp_total_topic_count":0,"_bbp_total_reply_count":0,"_bbp_voice_count":0,"_bbp_anonymous_reply_count":0,"_bbp_topic_count_hidden":0,"_bbp_reply_count_hidden":0,"_bbp_forum_subforum_count":0,"footnotes":""},"categories":[2,1,4],"tags":[149,151,150,16],"class_list":["post-12778","post","type-post","status-publish","format-standard","has-post-thumbnail","hentry","category-infantil","category-general","category-portada","tag-comunitat-de-petits","tag-petits","tag-projectepalamos","tag-sortides"],"post_mailing_queue_ids":[],"_links":{"self":[{"href":"https:\/\/agora.xtec.cat\/escolalavilapalamos\/wp-json\/wp\/v2\/posts\/12778","targetHints":{"allow":["GET"]}}],"collection":[{"href":"https:\/\/agora.xtec.cat\/escolalavilapalamos\/wp-json\/wp\/v2\/posts"}],"about":[{"href":"https:\/\/agora.xtec.cat\/escolalavilapalamos\/wp-json\/wp\/v2\/types\/post"}],"author":[{"embeddable":true,"href":"https:\/\/agora.xtec.cat\/escolalavilapalamos\/wp-json\/wp\/v2\/users\/128"}],"replies":[{"embeddable":true,"href":"https:\/\/agora.xtec.cat\/escolalavilapalamos\/wp-json\/wp\/v2\/comments?post=12778"}],"version-history":[{"count":3,"href":"https:\/\/agora.xtec.cat\/escolalavilapalamos\/wp-json\/wp\/v2\/posts\/12778\/revisions"}],"predecessor-version":[{"id":12846,"href":"https:\/\/agora.xtec.cat\/escolalavilapalamos\/wp-json\/wp\/v2\/posts\/12778\/revisions\/12846"}],"wp:featuredmedia":[{"embeddable":true,"href":"https:\/\/agora.xtec.cat\/escolalavilapalamos\/wp-json\/wp\/v2\/media\/12836"}],"wp:attachment":[{"href":"https:\/\/agora.xtec.cat\/escolalavilapalamos\/wp-json\/wp\/v2\/media?parent=12778"}],"wp:term":[{"taxonomy":"category","embeddable":true,"href":"https:\/\/agora.xtec.cat\/escolalavilapalamos\/wp-json\/wp\/v2\/categories?post=12778"},{"taxonomy":"post_tag","embeddable":true,"href":"https:\/\/agora.xtec.cat\/escolalavilapalamos\/wp-json\/wp\/v2\/tags?post=12778"}],"curies":[{"name":"wp","href":"https:\/\/api.w.org\/{rel}","templated":true}]}}