{"id":12772,"date":"2023-01-31T09:08:34","date_gmt":"2023-01-31T08:08:34","guid":{"rendered":"https:\/\/agora.xtec.cat\/escolalavilapalamos\/?p=12772"},"modified":"2023-01-31T09:08:34","modified_gmt":"2023-01-31T08:08:34","slug":"interpretem-amb-diferents-instruments","status":"publish","type":"post","link":"https:\/\/agora.xtec.cat\/escolalavilapalamos\/general\/interpretem-amb-diferents-instruments\/","title":{"rendered":"Interpretem amb diferents instruments"},"content":{"rendered":"<p style=\"text-align: left;\">Aquest gener ens hem centrat en la m\u00fasica descriptiva, que \u00e9s la que ens permet descriure diferents situacions, paisatges, emocions, objectes&#8230; a trav\u00e9s de les melodies i de la m\u00fasica en si. Les audicions ens han fet descobrir la hist\u00f2ria de <em>Peer Gynt<\/em>, qu\u00e8 passa en un dia <em>En un mercat persa<\/em>, el despertar del <em>Rellotge sincopat <\/em>o la<em> Marxa del lle\u00f3.<\/em><\/p>\n<p><iframe loading=\"lazy\" title=\"Grieg: Peer Gynt Suite No. 1, &quot;Morning Mood&quot; \/ Thomas Dausgaard &amp; Seattle Symphony\" width=\"500\" height=\"281\" src=\"https:\/\/www.youtube.com\/embed\/aMs0rNtBZJk?feature=oembed\" frameborder=\"0\" allow=\"accelerometer; autoplay; clipboard-write; encrypted-media; gyroscope; picture-in-picture; web-share\" referrerpolicy=\"strict-origin-when-cross-origin\" allowfullscreen><\/iframe><\/p>\n<p>A m\u00e9s, a comunitat de grans deixem enrere els instruments de percussi\u00f3 per endinsar-nos en la interpretaci\u00f3 dels instruments de corda. Aix\u00ed doncs, aprenem a classificar els instruments de corda, repassem les notes musicals i aprenem a fer acompanyaments amb el piano, \u00e9s a dir a fer la base de les melodies. Per fer-ho, utilitzem els acords que els toquem fent servir m\u00e9s d\u2019una tecla alhora.<a href=\"https:\/\/agora.xtec.cat\/escolalavilapalamos\/wp-content\/uploads\/usu897\/2023\/01\/WhatsApp-Image-2023-01-30-at-12.34.44.jpeg\"><img loading=\"lazy\" decoding=\"async\" class=\" wp-image-12774 aligncenter\" src=\"https:\/\/agora.xtec.cat\/escolalavilapalamos\/wp-content\/uploads\/usu897\/2023\/01\/WhatsApp-Image-2023-01-30-at-12.34.44-300x225.jpeg\" alt=\"\" width=\"372\" height=\"279\" srcset=\"https:\/\/agora.xtec.cat\/escolalavilapalamos\/wp-content\/uploads\/usu897\/2023\/01\/WhatsApp-Image-2023-01-30-at-12.34.44-300x225.jpeg 300w, https:\/\/agora.xtec.cat\/escolalavilapalamos\/wp-content\/uploads\/usu897\/2023\/01\/WhatsApp-Image-2023-01-30-at-12.34.44-1024x768.jpeg 1024w, https:\/\/agora.xtec.cat\/escolalavilapalamos\/wp-content\/uploads\/usu897\/2023\/01\/WhatsApp-Image-2023-01-30-at-12.34.44-768x576.jpeg 768w, https:\/\/agora.xtec.cat\/escolalavilapalamos\/wp-content\/uploads\/usu897\/2023\/01\/WhatsApp-Image-2023-01-30-at-12.34.44-1536x1152.jpeg 1536w, https:\/\/agora.xtec.cat\/escolalavilapalamos\/wp-content\/uploads\/usu897\/2023\/01\/WhatsApp-Image-2023-01-30-at-12.34.44-200x150.jpeg 200w, https:\/\/agora.xtec.cat\/escolalavilapalamos\/wp-content\/uploads\/usu897\/2023\/01\/WhatsApp-Image-2023-01-30-at-12.34.44.jpeg 2000w\" sizes=\"auto, (max-width: 372px) 100vw, 372px\" \/><\/a><\/p>\n<p>A mitjans ens estem centrant en la memoritzaci\u00f3 dels colors de les diferents notes, posant nom a l\u2019escala de DO a trav\u00e9s de diferents instruments de percussi\u00f3 com els <em>boomwhackers<\/em> o les campanes de colors. A m\u00e9s, comencem tamb\u00e9 a introduir instruments de placa, com el carill\u00f3, i de teclat, com el piano.<a href=\"https:\/\/agora.xtec.cat\/escolalavilapalamos\/wp-content\/uploads\/usu897\/2023\/01\/WhatsApp-Image-2023-01-30-at-12.34.42.jpeg\"><img loading=\"lazy\" decoding=\"async\" class=\" wp-image-12775 aligncenter\" src=\"https:\/\/agora.xtec.cat\/escolalavilapalamos\/wp-content\/uploads\/usu897\/2023\/01\/WhatsApp-Image-2023-01-30-at-12.34.42-300x225.jpeg\" alt=\"\" width=\"377\" height=\"283\" srcset=\"https:\/\/agora.xtec.cat\/escolalavilapalamos\/wp-content\/uploads\/usu897\/2023\/01\/WhatsApp-Image-2023-01-30-at-12.34.42-300x225.jpeg 300w, https:\/\/agora.xtec.cat\/escolalavilapalamos\/wp-content\/uploads\/usu897\/2023\/01\/WhatsApp-Image-2023-01-30-at-12.34.42-1024x768.jpeg 1024w, https:\/\/agora.xtec.cat\/escolalavilapalamos\/wp-content\/uploads\/usu897\/2023\/01\/WhatsApp-Image-2023-01-30-at-12.34.42-768x576.jpeg 768w, https:\/\/agora.xtec.cat\/escolalavilapalamos\/wp-content\/uploads\/usu897\/2023\/01\/WhatsApp-Image-2023-01-30-at-12.34.42-1536x1152.jpeg 1536w, https:\/\/agora.xtec.cat\/escolalavilapalamos\/wp-content\/uploads\/usu897\/2023\/01\/WhatsApp-Image-2023-01-30-at-12.34.42-200x150.jpeg 200w, https:\/\/agora.xtec.cat\/escolalavilapalamos\/wp-content\/uploads\/usu897\/2023\/01\/WhatsApp-Image-2023-01-30-at-12.34.42.jpeg 2000w\" sizes=\"auto, (max-width: 377px) 100vw, 377px\" \/><\/a><\/p>\n<p>Els petits de P5 seguim descobrint les qualitats del so i per fer-ho hem conegut el Senyor Agut i el Senyor Greu. Tamb\u00e9 estem tocant i descobrint m\u00e9s instruments de percussi\u00f3, i seguim ritmes de manera interactiva aprofitant la m\u00fasica de <em>Txaikovski: El vals de les flors<\/em>. Assignem a cada instrument un color i nom\u00e9s podem tocar quan aquest aparegui, per tant cal relacionar molt b\u00e9 l\u2019instrument que tenim a les mans amb el moment prec\u00eds que ens cal interpretar.<\/p>\n<p><iframe loading=\"lazy\" title=\"El Greu i L&#039;agut\" width=\"500\" height=\"375\" src=\"https:\/\/www.youtube.com\/embed\/SlV3EilGm2Q?feature=oembed\" frameborder=\"0\" allow=\"accelerometer; autoplay; clipboard-write; encrypted-media; gyroscope; picture-in-picture; web-share\" referrerpolicy=\"strict-origin-when-cross-origin\" allowfullscreen><\/iframe><\/p>\n","protected":false},"excerpt":{"rendered":"<p>Aquest gener ens hem centrat en la m\u00fasica descriptiva, que \u00e9s la que ens permet descriure diferents situacions, paisatges, emocions, objectes&#8230; a trav\u00e9s de les melodies i de la m\u00fasica en si. Les audicions ens han fet descobrir la hist\u00f2ria de Peer Gynt, qu\u00e8 passa&hellip;  <a href=\"https:\/\/agora.xtec.cat\/escolalavilapalamos\/general\/interpretem-amb-diferents-instruments\/\" title=\"Read Interpretem amb diferents instruments\">Llegeix m\u00e9s\u00bb<\/a><\/p>\n","protected":false},"author":5,"featured_media":12774,"comment_status":"open","ping_status":"closed","sticky":false,"template":"","format":"standard","meta":{"_bbp_topic_count":0,"_bbp_reply_count":0,"_bbp_total_topic_count":0,"_bbp_total_reply_count":0,"_bbp_voice_count":0,"_bbp_anonymous_reply_count":0,"_bbp_topic_count_hidden":0,"_bbp_reply_count_hidden":0,"_bbp_forum_subforum_count":0,"footnotes":""},"categories":[1,68,4],"tags":[107],"class_list":["post-12772","post","type-post","status-publish","format-standard","has-post-thumbnail","hentry","category-general","category-musica","category-portada","tag-musica"],"post_mailing_queue_ids":[],"_links":{"self":[{"href":"https:\/\/agora.xtec.cat\/escolalavilapalamos\/wp-json\/wp\/v2\/posts\/12772","targetHints":{"allow":["GET"]}}],"collection":[{"href":"https:\/\/agora.xtec.cat\/escolalavilapalamos\/wp-json\/wp\/v2\/posts"}],"about":[{"href":"https:\/\/agora.xtec.cat\/escolalavilapalamos\/wp-json\/wp\/v2\/types\/post"}],"author":[{"embeddable":true,"href":"https:\/\/agora.xtec.cat\/escolalavilapalamos\/wp-json\/wp\/v2\/users\/5"}],"replies":[{"embeddable":true,"href":"https:\/\/agora.xtec.cat\/escolalavilapalamos\/wp-json\/wp\/v2\/comments?post=12772"}],"version-history":[{"count":4,"href":"https:\/\/agora.xtec.cat\/escolalavilapalamos\/wp-json\/wp\/v2\/posts\/12772\/revisions"}],"predecessor-version":[{"id":12841,"href":"https:\/\/agora.xtec.cat\/escolalavilapalamos\/wp-json\/wp\/v2\/posts\/12772\/revisions\/12841"}],"wp:featuredmedia":[{"embeddable":true,"href":"https:\/\/agora.xtec.cat\/escolalavilapalamos\/wp-json\/wp\/v2\/media\/12774"}],"wp:attachment":[{"href":"https:\/\/agora.xtec.cat\/escolalavilapalamos\/wp-json\/wp\/v2\/media?parent=12772"}],"wp:term":[{"taxonomy":"category","embeddable":true,"href":"https:\/\/agora.xtec.cat\/escolalavilapalamos\/wp-json\/wp\/v2\/categories?post=12772"},{"taxonomy":"post_tag","embeddable":true,"href":"https:\/\/agora.xtec.cat\/escolalavilapalamos\/wp-json\/wp\/v2\/tags?post=12772"}],"curies":[{"name":"wp","href":"https:\/\/api.w.org\/{rel}","templated":true}]}}