{"id":12745,"date":"2023-02-23T09:08:26","date_gmt":"2023-02-23T08:08:26","guid":{"rendered":"https:\/\/agora.xtec.cat\/escolalavilapalamos\/?p=12745"},"modified":"2023-03-01T16:33:19","modified_gmt":"2023-03-01T15:33:19","slug":"laula-dacollida-rep-un-nou-alumne","status":"publish","type":"post","link":"https:\/\/agora.xtec.cat\/escolalavilapalamos\/general\/laula-dacollida-rep-un-nou-alumne\/","title":{"rendered":"Alumnes nous a l&#8217;aula d&#8217;acollida"},"content":{"rendered":"<p>&nbsp;<\/p>\n<p>El passat dimecres 8 de febrer va comen\u00e7ar a l\u2019aula d\u2019acollida de la nostra escola un alumne nou, l\u2019Isaac. <img loading=\"lazy\" decoding=\"async\" class=\"wp-image-13003 alignright\" src=\"https:\/\/agora.xtec.cat\/escolalavilapalamos\/wp-content\/uploads\/usu897\/2023\/02\/Isaac-rotated.jpg\" alt=\"\" width=\"251\" height=\"336\" srcset=\"https:\/\/agora.xtec.cat\/escolalavilapalamos\/wp-content\/uploads\/usu897\/2023\/02\/Isaac-rotated.jpg 442w, https:\/\/agora.xtec.cat\/escolalavilapalamos\/wp-content\/uploads\/usu897\/2023\/02\/Isaac-224x300.jpg 224w\" sizes=\"auto, (max-width: 251px) 100vw, 251px\" \/><\/p>\n<p>L\u2019Isaac \u00e9s un nen originari d\u2019Hondures, que ja havia vingut a La Vila, va marxar a Verges i ha tornat de nou a l\u2019escola aquest mes de febrer. T\u00e9 deu anys i fa cinqu\u00e8 de Prim\u00e0ria.<\/p>\n<p>L\u2019Isaac ja porta gaireb\u00e9 tres setmanes assistint a l\u2019aula d\u2019acollida i s\u2019hi troba d\u2019all\u00f2 m\u00e9s b\u00e9, ja que \u00e9s un nen molt obert, amb facilitat per fer amics, i amb moltes ganes d\u2019aprendre. El seu nom \u00e9s compost, Ruben Isaac, per\u00f2 a ell li agrada que li diguin simplement Isaac.<\/p>\n<p>Esperem que l\u2019Isaac es senti c\u00f2mode i a gust, tant a l\u2019aula d\u2019acollida com a la seva aula ordin\u00e0ria, i que sigui capa\u00e7 de gaudir al m\u00e0xim del dia a dia de l\u2019escola en general.<\/p>\n<p>Benvingut, Isaac!!<\/p>\n<p><span style=\"font-weight: 400;\"><img loading=\"lazy\" decoding=\"async\" class=\"alignleft wp-image-12747 \" src=\"https:\/\/agora.xtec.cat\/escolalavilapalamos\/wp-content\/uploads\/usu897\/2023\/01\/Derek-rotated.jpg\" alt=\"\" width=\"277\" height=\"371\" srcset=\"https:\/\/agora.xtec.cat\/escolalavilapalamos\/wp-content\/uploads\/usu897\/2023\/01\/Derek-rotated.jpg 442w, https:\/\/agora.xtec.cat\/escolalavilapalamos\/wp-content\/uploads\/usu897\/2023\/01\/Derek-224x300.jpg 224w\" sizes=\"auto, (max-width: 277px) 100vw, 277px\" \/>Aquest passat dilluns dia 23 de gener va comen\u00e7ar a la nostra escola un nou alumne.<\/span><\/p>\n<p><span style=\"font-weight: 400;\">En Derek \u00e9s un nen procedent d\u2019Hondures.T\u00e9 deu anys i fa quart de Prim\u00e0ria.<\/span><\/p>\n<p><span style=\"font-weight: 400;\">Per tractar-se d\u2019un alumne nouvingut, aquesta setmana comen\u00e7ar\u00e0 a assistir a l\u2019aula d\u2019acollida. De fet, avui dimecres ja ha fet un primer tastet del que hi anem \u201ccuinant\u201d.<\/span><\/p>\n<p><span style=\"font-weight: 400;\">En aquesta primera sessi\u00f3, en Derek ha tingut l\u2019oportunitat de con\u00e8ixer els que seran d\u2019ara endavant els seus companys\/nyes d\u2019acollida, els quals han fet les presentacions oportunes, i ell tamb\u00e9 s\u2019ha presentat degudament als seus companys i companyes.\u00a0<\/span><\/p>\n<p><span style=\"font-weight: 400;\">Esperem que en Derek es senti c\u00f2mode i a gust, tant a l\u2019aula d\u2019acollida com a la seva aula ordin\u00e0ria, i que sigui capa\u00e7 de gaudir al m\u00e0xim del dia a dia de l\u2019escola en general.<\/span><\/p>\n<p><span style=\"font-weight: 400;\">Benvingut, Derek!!<\/span><\/p>\n","protected":false},"excerpt":{"rendered":"<p>&nbsp;<br \/>\nEl passat dimecres 8 de febrer va comen\u00e7ar a l\u2019aula d\u2019acollida de la nostra escola un alumne nou, l\u2019Isaac.<br \/>\nL\u2019Isaac \u00e9s un nen originari d\u2019Hondures, que ja havia vingut a La Vila, va marxar a Verges i ha tornat de nou a l\u2019escola aquest mes&hellip;  <a href=\"https:\/\/agora.xtec.cat\/escolalavilapalamos\/general\/laula-dacollida-rep-un-nou-alumne\/\" title=\"Read Alumnes nous a l&#8217;aula d&#8217;acollida\">Llegeix m\u00e9s\u00bb<\/a><\/p>\n","protected":false},"author":17,"featured_media":13003,"comment_status":"open","ping_status":"closed","sticky":false,"template":"","format":"standard","meta":{"_bbp_topic_count":0,"_bbp_reply_count":0,"_bbp_total_topic_count":0,"_bbp_total_reply_count":0,"_bbp_voice_count":0,"_bbp_anonymous_reply_count":0,"_bbp_topic_count_hidden":0,"_bbp_reply_count_hidden":0,"_bbp_forum_subforum_count":0,"footnotes":""},"categories":[128,1,4],"tags":[],"class_list":["post-12745","post","type-post","status-publish","format-standard","has-post-thumbnail","hentry","category-comunitat-de-grans","category-general","category-portada"],"post_mailing_queue_ids":[],"_links":{"self":[{"href":"https:\/\/agora.xtec.cat\/escolalavilapalamos\/wp-json\/wp\/v2\/posts\/12745","targetHints":{"allow":["GET"]}}],"collection":[{"href":"https:\/\/agora.xtec.cat\/escolalavilapalamos\/wp-json\/wp\/v2\/posts"}],"about":[{"href":"https:\/\/agora.xtec.cat\/escolalavilapalamos\/wp-json\/wp\/v2\/types\/post"}],"author":[{"embeddable":true,"href":"https:\/\/agora.xtec.cat\/escolalavilapalamos\/wp-json\/wp\/v2\/users\/17"}],"replies":[{"embeddable":true,"href":"https:\/\/agora.xtec.cat\/escolalavilapalamos\/wp-json\/wp\/v2\/comments?post=12745"}],"version-history":[{"count":5,"href":"https:\/\/agora.xtec.cat\/escolalavilapalamos\/wp-json\/wp\/v2\/posts\/12745\/revisions"}],"predecessor-version":[{"id":13020,"href":"https:\/\/agora.xtec.cat\/escolalavilapalamos\/wp-json\/wp\/v2\/posts\/12745\/revisions\/13020"}],"wp:featuredmedia":[{"embeddable":true,"href":"https:\/\/agora.xtec.cat\/escolalavilapalamos\/wp-json\/wp\/v2\/media\/13003"}],"wp:attachment":[{"href":"https:\/\/agora.xtec.cat\/escolalavilapalamos\/wp-json\/wp\/v2\/media?parent=12745"}],"wp:term":[{"taxonomy":"category","embeddable":true,"href":"https:\/\/agora.xtec.cat\/escolalavilapalamos\/wp-json\/wp\/v2\/categories?post=12745"},{"taxonomy":"post_tag","embeddable":true,"href":"https:\/\/agora.xtec.cat\/escolalavilapalamos\/wp-json\/wp\/v2\/tags?post=12745"}],"curies":[{"name":"wp","href":"https:\/\/api.w.org\/{rel}","templated":true}]}}