{"id":12738,"date":"2023-01-26T09:08:37","date_gmt":"2023-01-26T08:08:37","guid":{"rendered":"https:\/\/agora.xtec.cat\/escolalavilapalamos\/?p=12738"},"modified":"2023-01-30T09:38:31","modified_gmt":"2023-01-30T08:38:31","slug":"xxi-concurs-de-dibuix-de-punts-de-llibre","status":"publish","type":"post","link":"https:\/\/agora.xtec.cat\/escolalavilapalamos\/general\/xxi-concurs-de-dibuix-de-punts-de-llibre\/","title":{"rendered":"XXI Concurs de dibuix de punts de llibre"},"content":{"rendered":"<p>La biblioteca de Palam\u00f3s organitza una nova edici\u00f3 del <strong>Concurs de dibuix punts de llibre de Sant Jordi.<img loading=\"lazy\" decoding=\"async\" class=\"wp-image-12739 alignright\" src=\"https:\/\/agora.xtec.cat\/escolalavilapalamos\/wp-content\/uploads\/usu897\/2023\/01\/Captura-de-pantalla-2023-01-12-a-les-8.38.46.png\" alt=\"\" width=\"497\" height=\"210\" srcset=\"https:\/\/agora.xtec.cat\/escolalavilapalamos\/wp-content\/uploads\/usu897\/2023\/01\/Captura-de-pantalla-2023-01-12-a-les-8.38.46.png 1136w, https:\/\/agora.xtec.cat\/escolalavilapalamos\/wp-content\/uploads\/usu897\/2023\/01\/Captura-de-pantalla-2023-01-12-a-les-8.38.46-300x127.png 300w, https:\/\/agora.xtec.cat\/escolalavilapalamos\/wp-content\/uploads\/usu897\/2023\/01\/Captura-de-pantalla-2023-01-12-a-les-8.38.46-1024x433.png 1024w, https:\/\/agora.xtec.cat\/escolalavilapalamos\/wp-content\/uploads\/usu897\/2023\/01\/Captura-de-pantalla-2023-01-12-a-les-8.38.46-768x325.png 768w\" sizes=\"auto, (max-width: 497px) 100vw, 497px\" \/> <\/strong>La proposta d&#8217;aquest any \u00e9s<strong> Josep Vallverd\u00fa <\/strong>en el<strong> centenari del seu naixement.<\/strong><\/p>\n<p>Els alumnes de 1r a 6\u00e8 participen en el concurs de punt de llibre. Hi ha dues categories: 1a categoria de 6 a 8 anys i 2a categoria de 9 a 12 anys.<\/p>\n<p><strong><img loading=\"lazy\" decoding=\"async\" class=\" alignleft\" src=\"http:\/\/blocs.xtec.cat\/vallverdu\/files\/2008\/10\/rovello.gif\" width=\"145\" height=\"192\" \/>Es poden presentar punts de llibre fins el 17 de febrer de 2023<\/strong>. El mes de mar\u00e7 estaran exposats tots els punts de llibre a la biblioteca de Palam\u00f3s. De l&#8217; 1 al 13 de mar\u00e7 es podr\u00e0 votar pels\/per les guanyadors\/es que sortiran el dia de Sant Jordi.<\/p>\n<p><strong>Josep Vallverd\u00fa<\/strong> va n\u00e9ixer a Lleida el juliol de 1923. Es va iniciar de molt jove com a escriptor. T\u00e9 una \u00e0mplia producci\u00f3 liter\u00e0ria, on destaca la prosa per a p\u00fablic infantil i juvenil. Un dels seus personatges m\u00e9s famosos \u00e9s el gosset Rovell\u00f3. Sempre ha estat comprom\u00e8s amb la llengua catalana i la mem\u00f2ria hist\u00f2rica.<\/p>\n","protected":false},"excerpt":{"rendered":"<p>La biblioteca de Palam\u00f3s organitza una nova edici\u00f3 del Concurs de dibuix punts de llibre de Sant Jordi. La proposta d&#8217;aquest any \u00e9s Josep Vallverd\u00fa en el centenari del seu naixement.<br \/>\nEls alumnes de 1r a 6\u00e8 participen en el concurs de punt de llibre. Hi&hellip;  <a href=\"https:\/\/agora.xtec.cat\/escolalavilapalamos\/general\/xxi-concurs-de-dibuix-de-punts-de-llibre\/\" title=\"Read XXI Concurs de dibuix de punts de llibre\">Llegeix m\u00e9s\u00bb<\/a><\/p>\n","protected":false},"author":1,"featured_media":12739,"comment_status":"open","ping_status":"closed","sticky":false,"template":"","format":"standard","meta":{"_bbp_topic_count":0,"_bbp_reply_count":0,"_bbp_total_topic_count":0,"_bbp_total_reply_count":0,"_bbp_voice_count":0,"_bbp_anonymous_reply_count":0,"_bbp_topic_count_hidden":0,"_bbp_reply_count_hidden":0,"_bbp_forum_subforum_count":0,"footnotes":""},"categories":[128,127,1,4],"tags":[],"class_list":["post-12738","post","type-post","status-publish","format-standard","has-post-thumbnail","hentry","category-comunitat-de-grans","category-comunitat-de-mitjans","category-general","category-portada"],"post_mailing_queue_ids":[],"_links":{"self":[{"href":"https:\/\/agora.xtec.cat\/escolalavilapalamos\/wp-json\/wp\/v2\/posts\/12738","targetHints":{"allow":["GET"]}}],"collection":[{"href":"https:\/\/agora.xtec.cat\/escolalavilapalamos\/wp-json\/wp\/v2\/posts"}],"about":[{"href":"https:\/\/agora.xtec.cat\/escolalavilapalamos\/wp-json\/wp\/v2\/types\/post"}],"author":[{"embeddable":true,"href":"https:\/\/agora.xtec.cat\/escolalavilapalamos\/wp-json\/wp\/v2\/users\/1"}],"replies":[{"embeddable":true,"href":"https:\/\/agora.xtec.cat\/escolalavilapalamos\/wp-json\/wp\/v2\/comments?post=12738"}],"version-history":[{"count":2,"href":"https:\/\/agora.xtec.cat\/escolalavilapalamos\/wp-json\/wp\/v2\/posts\/12738\/revisions"}],"predecessor-version":[{"id":12741,"href":"https:\/\/agora.xtec.cat\/escolalavilapalamos\/wp-json\/wp\/v2\/posts\/12738\/revisions\/12741"}],"wp:featuredmedia":[{"embeddable":true,"href":"https:\/\/agora.xtec.cat\/escolalavilapalamos\/wp-json\/wp\/v2\/media\/12739"}],"wp:attachment":[{"href":"https:\/\/agora.xtec.cat\/escolalavilapalamos\/wp-json\/wp\/v2\/media?parent=12738"}],"wp:term":[{"taxonomy":"category","embeddable":true,"href":"https:\/\/agora.xtec.cat\/escolalavilapalamos\/wp-json\/wp\/v2\/categories?post=12738"},{"taxonomy":"post_tag","embeddable":true,"href":"https:\/\/agora.xtec.cat\/escolalavilapalamos\/wp-json\/wp\/v2\/tags?post=12738"}],"curies":[{"name":"wp","href":"https:\/\/api.w.org\/{rel}","templated":true}]}}