{"id":12727,"date":"2023-01-23T09:10:13","date_gmt":"2023-01-23T08:10:13","guid":{"rendered":"https:\/\/agora.xtec.cat\/escolalavilapalamos\/?p=12727"},"modified":"2023-02-06T09:10:55","modified_gmt":"2023-02-06T08:10:55","slug":"dia-de-la-pau-i-la-no-violencia-2","status":"publish","type":"post","link":"https:\/\/agora.xtec.cat\/escolalavilapalamos\/general\/dia-de-la-pau-i-la-no-violencia-2\/","title":{"rendered":"Dia de la Pau i la No viol\u00e8ncia"},"content":{"rendered":"<div class=\"entry-content\">\n<p><img loading=\"lazy\" decoding=\"async\" class=\"wp-image-12728 size-full alignright\" src=\"https:\/\/agora.xtec.cat\/escolalavilapalamos\/wp-content\/uploads\/usu897\/2023\/01\/denip_logo-denip-text-colors-e1642439184399.png\" alt=\"\" width=\"400\" height=\"229\" srcset=\"https:\/\/agora.xtec.cat\/escolalavilapalamos\/wp-content\/uploads\/usu897\/2023\/01\/denip_logo-denip-text-colors-e1642439184399.png 400w, https:\/\/agora.xtec.cat\/escolalavilapalamos\/wp-content\/uploads\/usu897\/2023\/01\/denip_logo-denip-text-colors-e1642439184399-300x172.png 300w\" sizes=\"auto, (max-width: 400px) 100vw, 400px\" \/>El 30 de Gener \u00e9s el <strong>Dia Internacional de la Pau i la No-Viol\u00e8ncia<\/strong>. Aquest dia \u00e9s commemora la mort de <strong>Mahatma Gandhi<\/strong> l\u00edder nacional i espiritual de l\u2019\u00cdndia. L\u2019objectiu del Dia Internacional de la Pau i la No Viol\u00e8ncia \u00e9s<span lang=\"ca\">\u00a0l\u2019educaci\u00f3 en i per a la toler\u00e0ncia, la solidaritat, la conc\u00f2rdia, el respecte als Drets Humans, la no-viol\u00e8ncia i la pau.<\/span><\/p>\n<p>Les nenes i els nens de 2n van a l&#8217;Escola Vedruna a celebrar <strong>la Festa de la Pau<\/strong>. Han treballat el poema <a href=\"https:\/\/youtu.be\/dvEDdx030ww\">Podries de Joana Raspall<\/a>. Han escoltat la can\u00e7\u00f3 del grup <a href=\"https:\/\/youtu.be\/Cx9mUyVMgtk\">Roba Estesa <em>Podries<\/em><\/a>. El dimarts 30 de gener faran jocs cooperatius al pati i penjaran missatges en el <em>Mur de la Pau<\/em>.<\/p>\n<p>Recursos per celebrar aquest dia:<\/p>\n<ul>\n<li>Webinar\u00a0<a href=\"https:\/\/gencat.zoom.us\/j\/96434984510#success\" target=\"_blank\" rel=\"noopener\"><strong>Conviure per aprendre: L\u2019Educaci\u00f3 Emocional en el marc de la No-Viol\u00e8ncia i la Pau<\/strong><\/a>\u00a0emmarcat dins els vectors de benestar emocional, ciutadania democr\u00e0tica i consci\u00e8ncia global.<\/li>\n<li>Unicef proposa \u201c<strong><em>Mapa de Pau mental per a temibles trols infeli\u00e7os\u201d.\u00a0<\/em><\/strong>Una tribu de trols ens ha demanat ajuda: volen sortir de les seves coves i adaptar-se a la vida moderna, per\u00f2 no entenen b\u00e9 la gent ni a ells mateixos, es frustren i passen el dia enfadant-se i barallant-se. La nostra missi\u00f3 ser\u00e0 dissenyar un mapa d\u2019emocions i sensacions que els serveixi de guia per con\u00e8ixer-se m\u00e9s b\u00e9 i poder-se relacionar en pau amb altres persones i trols. Aquesta activitat permet utilitzar l\u2019expressi\u00f3 art\u00edstica per generar mapes d\u2019emocions que ajudin els trols (i les persones) a recon\u00e8ixer les seves sensacions, protegir la seva salut mental i contribuir a un entorn m\u00e9s pac\u00edfic i dialogant. Podeu adaptar l\u2019activitat f\u00e0cilment al nivell maduratiu del vostre grup. Si vols participar amb la teva aula,\u00a0<a href=\"https:\/\/www.unicef.es\/sites\/unicef.es\/files\/educa\/c21-22\/unicef-educa-biblioteca-actividad-mapa-paz-mental-guia-CAT.pdf?ac=AC-6616\" target=\"_blank\" rel=\"noopener\">baixa ara els materials necessaris<\/a>. Els trols seran m\u00e9s feli\u00e7os!<\/li>\n<li><a href=\"https:\/\/xarxanet.org\/internacional\/noticies\/recursos-treballar-els-valors-de-la-pau-amb-joves\">Xarxanet<\/a>\u00a0recomana diferents propostes per treballar la Pau i generar un debat a partir d\u2019una primera reflexi\u00f3 personal.<\/li>\n<li>Des del LIC de la Garrotxa, van elaborar un\u00a0<a href=\"https:\/\/view.genial.ly\/6357c1a13dd1bc0018145217\/guide-ods-lectura\">recull de lectures recomanades<\/a>, vinculades als ODS de la UNESCO (<a href=\"https:\/\/view.genial.ly\/6357c1a13dd1bc0018145217\/guide-ods-lectura\">ODS 16: Pau, Just\u00edcia i Institucions s\u00f2lides<\/a>).<\/li>\n<li>Fundesplai ens presenta\u00a0<a href=\"https:\/\/escoles.fundesplai.org\/blog\/lleure\/12-recursos-pedagogics-per-la-no-violencia-i-la-pau\/\">12 propostes pedag\u00f2giques<\/a>\u00a0\u00a0i un recull d\u2019<a href=\"https:\/\/escoles.fundesplai.org\/blog\/lleure\/recull-jocs-contes-i-activitats-artistiques-per-la-pau-i-la-no-violencia\/\">activitats art\u00edstiques<\/a>.<\/li>\n<li>El programa \u201cSigues Tu\u201d de Dipsalut\u00a0 ens aconsella diferents\u00a0<a href=\"https:\/\/www.siguestu.cat\/ca\/noticies\/47-commemoracio-dels-dies-de-la-pau-i-la-mediaci.html\">activitats<\/a>\u00a0per\u00a0prim\u00e0ria\u00a0i\u00a0secund\u00e0ria.<\/li>\n<li>La Nati Bergad\u00e0 proposa un\u00a0<a href=\"https:\/\/natibergada.cat\/descobreix-recursos-per-treballar-la-pau\/\">recull d\u2019activitats<\/a>\u00a0per treballar la pau.<\/li>\n<li>Al nostre\u00a0<a href=\"https:\/\/www.pinterest.es\/b7990102\/dia-de-la-pau\/\">Pinterest<\/a> hi trobareu manualitats i can\u00e7ons relacionades amb el tema, a m\u00e9s de llibres.<\/li>\n<\/ul>\n<p>&nbsp;<\/p>\n<\/div>\n","protected":false},"excerpt":{"rendered":"<p>El 30 de Gener \u00e9s el Dia Internacional de la Pau i la No-Viol\u00e8ncia. Aquest dia \u00e9s commemora la mort de Mahatma Gandhi l\u00edder nacional i espiritual de l\u2019\u00cdndia. L\u2019objectiu del Dia Internacional de la Pau i la No Viol\u00e8ncia \u00e9s\u00a0l\u2019educaci\u00f3 en i per a&hellip;  <a href=\"https:\/\/agora.xtec.cat\/escolalavilapalamos\/general\/dia-de-la-pau-i-la-no-violencia-2\/\" title=\"Read Dia de la Pau i la No viol\u00e8ncia\">Llegeix m\u00e9s\u00bb<\/a><\/p>\n","protected":false},"author":1,"featured_media":12728,"comment_status":"open","ping_status":"closed","sticky":false,"template":"","format":"standard","meta":{"_bbp_topic_count":0,"_bbp_reply_count":0,"_bbp_total_topic_count":0,"_bbp_total_reply_count":0,"_bbp_voice_count":0,"_bbp_anonymous_reply_count":0,"_bbp_topic_count_hidden":0,"_bbp_reply_count_hidden":0,"_bbp_forum_subforum_count":0,"footnotes":""},"categories":[1,4],"tags":[],"class_list":["post-12727","post","type-post","status-publish","format-standard","has-post-thumbnail","hentry","category-general","category-portada"],"post_mailing_queue_ids":[],"_links":{"self":[{"href":"https:\/\/agora.xtec.cat\/escolalavilapalamos\/wp-json\/wp\/v2\/posts\/12727","targetHints":{"allow":["GET"]}}],"collection":[{"href":"https:\/\/agora.xtec.cat\/escolalavilapalamos\/wp-json\/wp\/v2\/posts"}],"about":[{"href":"https:\/\/agora.xtec.cat\/escolalavilapalamos\/wp-json\/wp\/v2\/types\/post"}],"author":[{"embeddable":true,"href":"https:\/\/agora.xtec.cat\/escolalavilapalamos\/wp-json\/wp\/v2\/users\/1"}],"replies":[{"embeddable":true,"href":"https:\/\/agora.xtec.cat\/escolalavilapalamos\/wp-json\/wp\/v2\/comments?post=12727"}],"version-history":[{"count":3,"href":"https:\/\/agora.xtec.cat\/escolalavilapalamos\/wp-json\/wp\/v2\/posts\/12727\/revisions"}],"predecessor-version":[{"id":12862,"href":"https:\/\/agora.xtec.cat\/escolalavilapalamos\/wp-json\/wp\/v2\/posts\/12727\/revisions\/12862"}],"wp:featuredmedia":[{"embeddable":true,"href":"https:\/\/agora.xtec.cat\/escolalavilapalamos\/wp-json\/wp\/v2\/media\/12728"}],"wp:attachment":[{"href":"https:\/\/agora.xtec.cat\/escolalavilapalamos\/wp-json\/wp\/v2\/media?parent=12727"}],"wp:term":[{"taxonomy":"category","embeddable":true,"href":"https:\/\/agora.xtec.cat\/escolalavilapalamos\/wp-json\/wp\/v2\/categories?post=12727"},{"taxonomy":"post_tag","embeddable":true,"href":"https:\/\/agora.xtec.cat\/escolalavilapalamos\/wp-json\/wp\/v2\/tags?post=12727"}],"curies":[{"name":"wp","href":"https:\/\/api.w.org\/{rel}","templated":true}]}}