{"id":12720,"date":"2023-01-20T09:21:42","date_gmt":"2023-01-20T08:21:42","guid":{"rendered":"https:\/\/agora.xtec.cat\/escolalavilapalamos\/?p=12720"},"modified":"2023-01-24T12:32:49","modified_gmt":"2023-01-24T11:32:49","slug":"treball-globalitzat-5e","status":"publish","type":"post","link":"https:\/\/agora.xtec.cat\/escolalavilapalamos\/general\/treball-globalitzat-5e\/","title":{"rendered":"Treball globalitzat 5\u00e8"},"content":{"rendered":"<p style=\"text-align: center;\"><strong>Per qu\u00e8 som tots iguals i alhora tan diferents?<\/strong><\/p>\n<p><span style=\"font-weight: 400;\">A partir d\u2019aquesta pregunta els alumnes de 5\u00e8 hem comen\u00e7at a pensar les nostres hip\u00f2tesis, a compartir-les i a crear debat, d\u2019aqu\u00ed han sorgit molt bones preguntes i curiositats al respecte que hem necessitat esbrinar consultant llibres, v\u00eddeos i webs. Seguint el cam\u00ed dels\u00a0 gens hem ent\u00e8s\u00a0 com aquests\u00a0 es transmeten\u00a0 d\u2019una generaci\u00f3 a una altre i hem treballat conceptes com: ADN, cromosomes,gens \u2026. per ampliar a partir del que ja sab\u00edem; com \u00e9s el nostre cos per dins, quins \u00f2rgans i sistemes tenim.<\/span><\/p>\n<p><span style=\"font-weight: 400;\">A continuaci\u00f3, clicant sobre la fotografia podreu veure tot el recorregut del proc\u00e9s a treball globalitzat<\/span><\/p>\n<p><span style=\"font-weight: 400;\"> i<a href=\"https:\/\/photos.app.goo.gl\/oiRtQAQSiJ54h2ri8\"> aqu\u00ed<\/a> trobareu la resta de fotos.<\/span><\/p>\n<p><a href=\"https:\/\/www.canva.com\/design\/DAFXwjQYLHQ\/8n20o-4HnOn78JC4kPOnLQ\/view#1\"><img loading=\"lazy\" decoding=\"async\" class=\"aligncenter wp-image-12721 size-full\" src=\"https:\/\/agora.xtec.cat\/escolalavilapalamos\/wp-content\/uploads\/usu897\/2023\/01\/IMG_1381-1.jpg\" alt=\"\" width=\"640\" height=\"480\" srcset=\"https:\/\/agora.xtec.cat\/escolalavilapalamos\/wp-content\/uploads\/usu897\/2023\/01\/IMG_1381-1.jpg 640w, https:\/\/agora.xtec.cat\/escolalavilapalamos\/wp-content\/uploads\/usu897\/2023\/01\/IMG_1381-1-300x225.jpg 300w, https:\/\/agora.xtec.cat\/escolalavilapalamos\/wp-content\/uploads\/usu897\/2023\/01\/IMG_1381-1-200x150.jpg 200w\" sizes=\"auto, (max-width: 640px) 100vw, 640px\" \/><\/a><\/p>\n","protected":false},"excerpt":{"rendered":"<p>Per qu\u00e8 som tots iguals i alhora tan diferents?<br \/>\nA partir d\u2019aquesta pregunta els alumnes de 5\u00e8 hem comen\u00e7at a pensar les nostres hip\u00f2tesis, a compartir-les i a crear debat, d\u2019aqu\u00ed han sorgit molt bones preguntes i curiositats al respecte que hem necessitat esbrinar consultant llibres,&hellip;  <a href=\"https:\/\/agora.xtec.cat\/escolalavilapalamos\/general\/treball-globalitzat-5e\/\" title=\"Read Treball globalitzat 5\u00e8\">Llegeix m\u00e9s\u00bb<\/a><\/p>\n","protected":false},"author":132,"featured_media":12721,"comment_status":"open","ping_status":"closed","sticky":false,"template":"","format":"standard","meta":{"_bbp_topic_count":0,"_bbp_reply_count":0,"_bbp_total_topic_count":0,"_bbp_total_reply_count":0,"_bbp_voice_count":0,"_bbp_anonymous_reply_count":0,"_bbp_topic_count_hidden":0,"_bbp_reply_count_hidden":0,"_bbp_forum_subforum_count":0,"footnotes":""},"categories":[128,1,4],"tags":[],"class_list":["post-12720","post","type-post","status-publish","format-standard","has-post-thumbnail","hentry","category-comunitat-de-grans","category-general","category-portada"],"post_mailing_queue_ids":[],"_links":{"self":[{"href":"https:\/\/agora.xtec.cat\/escolalavilapalamos\/wp-json\/wp\/v2\/posts\/12720","targetHints":{"allow":["GET"]}}],"collection":[{"href":"https:\/\/agora.xtec.cat\/escolalavilapalamos\/wp-json\/wp\/v2\/posts"}],"about":[{"href":"https:\/\/agora.xtec.cat\/escolalavilapalamos\/wp-json\/wp\/v2\/types\/post"}],"author":[{"embeddable":true,"href":"https:\/\/agora.xtec.cat\/escolalavilapalamos\/wp-json\/wp\/v2\/users\/132"}],"replies":[{"embeddable":true,"href":"https:\/\/agora.xtec.cat\/escolalavilapalamos\/wp-json\/wp\/v2\/comments?post=12720"}],"version-history":[{"count":3,"href":"https:\/\/agora.xtec.cat\/escolalavilapalamos\/wp-json\/wp\/v2\/posts\/12720\/revisions"}],"predecessor-version":[{"id":12724,"href":"https:\/\/agora.xtec.cat\/escolalavilapalamos\/wp-json\/wp\/v2\/posts\/12720\/revisions\/12724"}],"wp:featuredmedia":[{"embeddable":true,"href":"https:\/\/agora.xtec.cat\/escolalavilapalamos\/wp-json\/wp\/v2\/media\/12721"}],"wp:attachment":[{"href":"https:\/\/agora.xtec.cat\/escolalavilapalamos\/wp-json\/wp\/v2\/media?parent=12720"}],"wp:term":[{"taxonomy":"category","embeddable":true,"href":"https:\/\/agora.xtec.cat\/escolalavilapalamos\/wp-json\/wp\/v2\/categories?post=12720"},{"taxonomy":"post_tag","embeddable":true,"href":"https:\/\/agora.xtec.cat\/escolalavilapalamos\/wp-json\/wp\/v2\/tags?post=12720"}],"curies":[{"name":"wp","href":"https:\/\/api.w.org\/{rel}","templated":true}]}}