{"id":12704,"date":"2023-01-18T16:21:09","date_gmt":"2023-01-18T15:21:09","guid":{"rendered":"https:\/\/agora.xtec.cat\/escolalavilapalamos\/?p=12704"},"modified":"2023-01-19T09:36:46","modified_gmt":"2023-01-19T08:36:46","slug":"visita-a-la-biblioteca-3r","status":"publish","type":"post","link":"https:\/\/agora.xtec.cat\/escolalavilapalamos\/general\/visita-a-la-biblioteca-3r\/","title":{"rendered":"Visita a la biblioteca 3r"},"content":{"rendered":"<p>El dilluns vam visitar la biblioteca municipal de Palam\u00f3s. Ens va atendre la N\u00faria, la bibliotec\u00e0ria de la zona infantil. Ens va explicar el funcionament de la biblioteca; les normes, el servei de pr\u00e9stec, qu\u00e8 si pot fer i qu\u00e8 no, quines activitats acull i un munt de coses interessants. Aquells alumnes que no tenen el carnet, se&#8217;l poden fer qualsevol dia i \u00e9s totalment gratu\u00eft.<\/p>\n<p style=\"text-align: left;\" data-wp-editing=\"1\">Vam descobrir un munt de llibres de diferents tem\u00e0tiques!! La N\u00faria ens va explicar que tenen u<span style=\"font-family: inherit; font-size: 1em;\">n n\u00famero i un <\/span><span style=\"font-family: inherit; font-size: 1em;\">dibuix segons la tem\u00e0tica i aix\u00ed \u00e9s m\u00e9s f\u00e0cil trobar-los. Els nens i nenes van poder gaudir d&#8217;una estona lliure per buscar i llegir els llibres que m\u00e9s els hi van cridar l&#8217;atenci\u00f3.<\/span><\/p>\n<table style=\"height: 267px; width: 82.3134%; border-collapse: collapse; border-style: none; border-color: #ffffff; background-color: #ffffff;\">\n<tbody>\n<tr style=\"height: 278px;\">\n<td style=\"width: 41.9054%; height: 278px;\"><a href=\"https:\/\/agora.xtec.cat\/escolalavilapalamos\/wp-content\/uploads\/usu897\/2023\/01\/IMG_8947-scaled.jpg\"><img loading=\"lazy\" decoding=\"async\" class=\" wp-image-12707 alignright\" src=\"https:\/\/agora.xtec.cat\/escolalavilapalamos\/wp-content\/uploads\/usu897\/2023\/01\/IMG_8947-300x225.jpg\" alt=\"\" width=\"342\" height=\"256\" srcset=\"https:\/\/agora.xtec.cat\/escolalavilapalamos\/wp-content\/uploads\/usu897\/2023\/01\/IMG_8947-300x225.jpg 300w, https:\/\/agora.xtec.cat\/escolalavilapalamos\/wp-content\/uploads\/usu897\/2023\/01\/IMG_8947-1024x768.jpg 1024w, https:\/\/agora.xtec.cat\/escolalavilapalamos\/wp-content\/uploads\/usu897\/2023\/01\/IMG_8947-768x576.jpg 768w, https:\/\/agora.xtec.cat\/escolalavilapalamos\/wp-content\/uploads\/usu897\/2023\/01\/IMG_8947-1536x1152.jpg 1536w, https:\/\/agora.xtec.cat\/escolalavilapalamos\/wp-content\/uploads\/usu897\/2023\/01\/IMG_8947-2048x1536.jpg 2048w, https:\/\/agora.xtec.cat\/escolalavilapalamos\/wp-content\/uploads\/usu897\/2023\/01\/IMG_8947-200x150.jpg 200w\" sizes=\"auto, (max-width: 342px) 100vw, 342px\" \/><\/a><\/td>\n<td style=\"width: 41.5594%; height: 278px;\"><a href=\"https:\/\/agora.xtec.cat\/escolalavilapalamos\/wp-content\/uploads\/usu897\/2023\/01\/IMG_6365-scaled.jpg\"><img loading=\"lazy\" decoding=\"async\" class=\"alignnone wp-image-12705\" src=\"https:\/\/agora.xtec.cat\/escolalavilapalamos\/wp-content\/uploads\/usu897\/2023\/01\/IMG_6365-300x225.jpg\" alt=\"\" width=\"342\" height=\"256\" srcset=\"https:\/\/agora.xtec.cat\/escolalavilapalamos\/wp-content\/uploads\/usu897\/2023\/01\/IMG_6365-300x225.jpg 300w, https:\/\/agora.xtec.cat\/escolalavilapalamos\/wp-content\/uploads\/usu897\/2023\/01\/IMG_6365-1024x768.jpg 1024w, https:\/\/agora.xtec.cat\/escolalavilapalamos\/wp-content\/uploads\/usu897\/2023\/01\/IMG_6365-768x576.jpg 768w, https:\/\/agora.xtec.cat\/escolalavilapalamos\/wp-content\/uploads\/usu897\/2023\/01\/IMG_6365-1536x1152.jpg 1536w, https:\/\/agora.xtec.cat\/escolalavilapalamos\/wp-content\/uploads\/usu897\/2023\/01\/IMG_6365-2048x1536.jpg 2048w, https:\/\/agora.xtec.cat\/escolalavilapalamos\/wp-content\/uploads\/usu897\/2023\/01\/IMG_6365-200x150.jpg 200w\" sizes=\"auto, (max-width: 342px) 100vw, 342px\" \/><\/a><\/td>\n<\/tr>\n<\/tbody>\n<\/table>\n<p data-wp-editing=\"1\">Cliqueu a l&#8217;enlla\u00e7 per veure les imatges de la sortida:<\/p>\n<p><a href=\"https:\/\/photos.app.goo.gl\/rQNioCioAoGXfiYD6\">Biblioteca 3r<\/a><\/p>\n<p>&nbsp;<\/p>\n","protected":false},"excerpt":{"rendered":"<p>El dilluns vam visitar la biblioteca municipal de Palam\u00f3s. Ens va atendre la N\u00faria, la bibliotec\u00e0ria de la zona infantil. Ens va explicar el funcionament de la biblioteca; les normes, el servei de pr\u00e9stec, qu\u00e8 si pot fer i qu\u00e8 no, quines activitats acull i&hellip;  <a href=\"https:\/\/agora.xtec.cat\/escolalavilapalamos\/general\/visita-a-la-biblioteca-3r\/\" title=\"Read Visita a la biblioteca 3r\">Llegeix m\u00e9s\u00bb<\/a><\/p>\n","protected":false},"author":131,"featured_media":12707,"comment_status":"open","ping_status":"closed","sticky":false,"template":"","format":"standard","meta":{"_bbp_topic_count":0,"_bbp_reply_count":0,"_bbp_total_topic_count":0,"_bbp_total_reply_count":0,"_bbp_voice_count":0,"_bbp_anonymous_reply_count":0,"_bbp_topic_count_hidden":0,"_bbp_reply_count_hidden":0,"_bbp_forum_subforum_count":0,"footnotes":""},"categories":[127,1,4,5],"tags":[90,148,120],"class_list":["post-12704","post","type-post","status-publish","format-standard","has-post-thumbnail","hentry","category-comunitat-de-mitjans","category-general","category-portada","category-primaria","tag-3r","tag-biblioteca","tag-comunitat-de-mitjans"],"post_mailing_queue_ids":[],"_links":{"self":[{"href":"https:\/\/agora.xtec.cat\/escolalavilapalamos\/wp-json\/wp\/v2\/posts\/12704","targetHints":{"allow":["GET"]}}],"collection":[{"href":"https:\/\/agora.xtec.cat\/escolalavilapalamos\/wp-json\/wp\/v2\/posts"}],"about":[{"href":"https:\/\/agora.xtec.cat\/escolalavilapalamos\/wp-json\/wp\/v2\/types\/post"}],"author":[{"embeddable":true,"href":"https:\/\/agora.xtec.cat\/escolalavilapalamos\/wp-json\/wp\/v2\/users\/131"}],"replies":[{"embeddable":true,"href":"https:\/\/agora.xtec.cat\/escolalavilapalamos\/wp-json\/wp\/v2\/comments?post=12704"}],"version-history":[{"count":3,"href":"https:\/\/agora.xtec.cat\/escolalavilapalamos\/wp-json\/wp\/v2\/posts\/12704\/revisions"}],"predecessor-version":[{"id":12719,"href":"https:\/\/agora.xtec.cat\/escolalavilapalamos\/wp-json\/wp\/v2\/posts\/12704\/revisions\/12719"}],"wp:featuredmedia":[{"embeddable":true,"href":"https:\/\/agora.xtec.cat\/escolalavilapalamos\/wp-json\/wp\/v2\/media\/12707"}],"wp:attachment":[{"href":"https:\/\/agora.xtec.cat\/escolalavilapalamos\/wp-json\/wp\/v2\/media?parent=12704"}],"wp:term":[{"taxonomy":"category","embeddable":true,"href":"https:\/\/agora.xtec.cat\/escolalavilapalamos\/wp-json\/wp\/v2\/categories?post=12704"},{"taxonomy":"post_tag","embeddable":true,"href":"https:\/\/agora.xtec.cat\/escolalavilapalamos\/wp-json\/wp\/v2\/tags?post=12704"}],"curies":[{"name":"wp","href":"https:\/\/api.w.org\/{rel}","templated":true}]}}