{"id":12700,"date":"2023-01-30T09:41:58","date_gmt":"2023-01-30T08:41:58","guid":{"rendered":"https:\/\/agora.xtec.cat\/escolalavilapalamos\/?p=12700"},"modified":"2023-01-30T09:47:02","modified_gmt":"2023-01-30T08:47:02","slug":"a-6e-hem-finalitzat-el-curs-de-vela-escolar","status":"publish","type":"post","link":"https:\/\/agora.xtec.cat\/escolalavilapalamos\/portada\/a-6e-hem-finalitzat-el-curs-de-vela-escolar\/","title":{"rendered":"A 6\u00e8 hem finalitzat el curs de vela escolar!"},"content":{"rendered":"<p><img loading=\"lazy\" decoding=\"async\" class=\"wp-image-12754 alignright\" src=\"https:\/\/agora.xtec.cat\/escolalavilapalamos\/wp-content\/uploads\/usu897\/2023\/01\/IMG_20221007_104747-1024x768.jpg\" alt=\"\" width=\"400\" height=\"300\" srcset=\"https:\/\/agora.xtec.cat\/escolalavilapalamos\/wp-content\/uploads\/usu897\/2023\/01\/IMG_20221007_104747-1024x768.jpg 1024w, https:\/\/agora.xtec.cat\/escolalavilapalamos\/wp-content\/uploads\/usu897\/2023\/01\/IMG_20221007_104747-300x225.jpg 300w, https:\/\/agora.xtec.cat\/escolalavilapalamos\/wp-content\/uploads\/usu897\/2023\/01\/IMG_20221007_104747-768x576.jpg 768w, https:\/\/agora.xtec.cat\/escolalavilapalamos\/wp-content\/uploads\/usu897\/2023\/01\/IMG_20221007_104747-1536x1152.jpg 1536w, https:\/\/agora.xtec.cat\/escolalavilapalamos\/wp-content\/uploads\/usu897\/2023\/01\/IMG_20221007_104747-2048x1536.jpg 2048w, https:\/\/agora.xtec.cat\/escolalavilapalamos\/wp-content\/uploads\/usu897\/2023\/01\/IMG_20221007_104747-200x150.jpg 200w\" sizes=\"auto, (max-width: 400px) 100vw, 400px\" \/>L\u2019alumnat de 6\u00e8 de prim\u00e0ria ha finalitzat <strong>el curs de Vela Escolar 22-23<\/strong>, en aquestes 11 sessions han aprofundit sobre aquest esport n\u00e0utic tant lligat amb el nostre poble. Han realitzat sessions pr\u00e0ctiques que ens han servit per a treballar de forma cooperativa i tamb\u00e9 un treball te\u00f2ric sobre tem\u00e0tiques diverses, com per exemple, els perjudicis del pl\u00e0stic en els nostres mars i oceans, animals marins en perill d\u2019extinci\u00f3, els usos del port de Palam\u00f3s, etc. El curs culminar\u00e0 amb<strong> la regata interescolar que es dur\u00e0 a terme el dissabte 17 de juny al mat\u00ed<\/strong>.<\/p>\n<p>&nbsp;<\/p>\n","protected":false},"excerpt":{"rendered":"<p>L\u2019alumnat de 6\u00e8 de prim\u00e0ria ha finalitzat el curs de Vela Escolar 22-23, en aquestes 11 sessions han aprofundit sobre aquest esport n\u00e0utic tant lligat amb el nostre poble. Han realitzat sessions pr\u00e0ctiques que ens han servit per a treballar de forma cooperativa i tamb\u00e9&hellip;  <a href=\"https:\/\/agora.xtec.cat\/escolalavilapalamos\/portada\/a-6e-hem-finalitzat-el-curs-de-vela-escolar\/\" title=\"Read A 6\u00e8 hem finalitzat el curs de vela escolar!\">Llegeix m\u00e9s\u00bb<\/a><\/p>\n","protected":false},"author":167,"featured_media":12754,"comment_status":"open","ping_status":"closed","sticky":false,"template":"","format":"standard","meta":{"_bbp_topic_count":0,"_bbp_reply_count":0,"_bbp_total_topic_count":0,"_bbp_total_reply_count":0,"_bbp_voice_count":0,"_bbp_anonymous_reply_count":0,"_bbp_topic_count_hidden":0,"_bbp_reply_count_hidden":0,"_bbp_forum_subforum_count":0,"footnotes":""},"categories":[15,128,70,67,4,5],"tags":[],"class_list":["post-12700","post","type-post","status-publish","format-standard","has-post-thumbnail","hentry","category-6e","category-comunitat-de-grans","category-efi","category-especialistes","category-portada","category-primaria"],"post_mailing_queue_ids":[],"_links":{"self":[{"href":"https:\/\/agora.xtec.cat\/escolalavilapalamos\/wp-json\/wp\/v2\/posts\/12700","targetHints":{"allow":["GET"]}}],"collection":[{"href":"https:\/\/agora.xtec.cat\/escolalavilapalamos\/wp-json\/wp\/v2\/posts"}],"about":[{"href":"https:\/\/agora.xtec.cat\/escolalavilapalamos\/wp-json\/wp\/v2\/types\/post"}],"author":[{"embeddable":true,"href":"https:\/\/agora.xtec.cat\/escolalavilapalamos\/wp-json\/wp\/v2\/users\/167"}],"replies":[{"embeddable":true,"href":"https:\/\/agora.xtec.cat\/escolalavilapalamos\/wp-json\/wp\/v2\/comments?post=12700"}],"version-history":[{"count":3,"href":"https:\/\/agora.xtec.cat\/escolalavilapalamos\/wp-json\/wp\/v2\/posts\/12700\/revisions"}],"predecessor-version":[{"id":12770,"href":"https:\/\/agora.xtec.cat\/escolalavilapalamos\/wp-json\/wp\/v2\/posts\/12700\/revisions\/12770"}],"wp:featuredmedia":[{"embeddable":true,"href":"https:\/\/agora.xtec.cat\/escolalavilapalamos\/wp-json\/wp\/v2\/media\/12754"}],"wp:attachment":[{"href":"https:\/\/agora.xtec.cat\/escolalavilapalamos\/wp-json\/wp\/v2\/media?parent=12700"}],"wp:term":[{"taxonomy":"category","embeddable":true,"href":"https:\/\/agora.xtec.cat\/escolalavilapalamos\/wp-json\/wp\/v2\/categories?post=12700"},{"taxonomy":"post_tag","embeddable":true,"href":"https:\/\/agora.xtec.cat\/escolalavilapalamos\/wp-json\/wp\/v2\/tags?post=12700"}],"curies":[{"name":"wp","href":"https:\/\/api.w.org\/{rel}","templated":true}]}}