{"id":12693,"date":"2023-01-13T12:09:53","date_gmt":"2023-01-13T11:09:53","guid":{"rendered":"https:\/\/agora.xtec.cat\/escolalavilapalamos\/?p=12693"},"modified":"2023-01-20T09:24:27","modified_gmt":"2023-01-20T08:24:27","slug":"el-projecte-de-laigua-a-4t","status":"publish","type":"post","link":"https:\/\/agora.xtec.cat\/escolalavilapalamos\/general\/el-projecte-de-laigua-a-4t\/","title":{"rendered":"El projecte de l&#8217;aigua de 4t"},"content":{"rendered":"<p>Durant el primer trimestre a 4t a Treball Globalitzat vam dur a terme el projecte relacionat amb l&#8217;aigua:\u00a0 &#8220;Per qu\u00e8 no surt aigua de les fonts del pati?&#8221; Hem treballat els estats i el cicle de l&#8217;aigua, la hidrosfera, la mol\u00e8cula d&#8217;aigua (H2O), l&#8217;aigua salada, la depuraci\u00f3 de l&#8217;aigua i la contaminaci\u00f3 i malbaratament de l&#8217;aigua&#8230; Hem buscat treballar en 3 grups barrejant les dos classes de 4t per tal d&#8217;afavorir la bona relaci\u00f3 entre tots els alumnes de 4t i desenvolupar el treball cooperatiu a l&#8217;aula.<\/p>\n<p>A partir d&#8217;aquesta pregunta hem anat desgranant els continguts i desenvolupant la xarxa que relacions que va connectant tot all\u00f2 que hem anat aprenent. Ha estat un projecte que ens ha motivat molt de fer, ja que partim d&#8217;una situaci\u00f3 real, relacionada amb els ODS (Objectius de Desenvolupament Sostenible) i que ens ha perm\u00e8s fer-nos moltes preguntes i troba&#8217;ls-hi resposta.<\/p>\n<p>Us deixem amb un breu v\u00eddeo explicatiu sobre el projecte i el seu recorregut.<\/p>\n<p>Tamb\u00e9 podeu clicar al seg\u00fcent <a href=\"https:\/\/photos.app.goo.gl\/KSEcXjZfr3LKRJpN8\">ENLLA\u00c7<\/a> per veure les fotografies del projecte a la <a href=\"https:\/\/photos.app.goo.gl\/KSEcXjZfr3LKRJpN8\">galeria<\/a>.<\/p>\n<p><iframe loading=\"lazy\" title=\"Projecte de l&#039;aigua a 4t\" width=\"500\" height=\"281\" src=\"https:\/\/www.youtube.com\/embed\/8-W8Jc0EQj0?feature=oembed\" frameborder=\"0\" allow=\"accelerometer; autoplay; clipboard-write; encrypted-media; gyroscope; picture-in-picture; web-share\" referrerpolicy=\"strict-origin-when-cross-origin\" allowfullscreen><\/iframe><\/p>\n","protected":false},"excerpt":{"rendered":"<p>Durant el primer trimestre a 4t a Treball Globalitzat vam dur a terme el projecte relacionat amb l&#8217;aigua:\u00a0 &#8220;Per qu\u00e8 no surt aigua de les fonts del pati?&#8221; Hem treballat els estats i el cicle de l&#8217;aigua, la hidrosfera, la mol\u00e8cula d&#8217;aigua (H2O), l&#8217;aigua salada,&hellip;  <a href=\"https:\/\/agora.xtec.cat\/escolalavilapalamos\/general\/el-projecte-de-laigua-a-4t\/\" title=\"Read El projecte de l&#8217;aigua de 4t\">Llegeix m\u00e9s\u00bb<\/a><\/p>\n","protected":false},"author":132,"featured_media":12726,"comment_status":"closed","ping_status":"closed","sticky":false,"template":"","format":"standard","meta":{"_bbp_topic_count":0,"_bbp_reply_count":0,"_bbp_total_topic_count":0,"_bbp_total_reply_count":0,"_bbp_voice_count":0,"_bbp_anonymous_reply_count":0,"_bbp_topic_count_hidden":0,"_bbp_reply_count_hidden":0,"_bbp_forum_subforum_count":0,"footnotes":""},"categories":[128,1,4,5],"tags":[],"class_list":["post-12693","post","type-post","status-publish","format-standard","has-post-thumbnail","hentry","category-comunitat-de-grans","category-general","category-portada","category-primaria"],"post_mailing_queue_ids":[],"_links":{"self":[{"href":"https:\/\/agora.xtec.cat\/escolalavilapalamos\/wp-json\/wp\/v2\/posts\/12693","targetHints":{"allow":["GET"]}}],"collection":[{"href":"https:\/\/agora.xtec.cat\/escolalavilapalamos\/wp-json\/wp\/v2\/posts"}],"about":[{"href":"https:\/\/agora.xtec.cat\/escolalavilapalamos\/wp-json\/wp\/v2\/types\/post"}],"author":[{"embeddable":true,"href":"https:\/\/agora.xtec.cat\/escolalavilapalamos\/wp-json\/wp\/v2\/users\/132"}],"replies":[{"embeddable":true,"href":"https:\/\/agora.xtec.cat\/escolalavilapalamos\/wp-json\/wp\/v2\/comments?post=12693"}],"version-history":[{"count":4,"href":"https:\/\/agora.xtec.cat\/escolalavilapalamos\/wp-json\/wp\/v2\/posts\/12693\/revisions"}],"predecessor-version":[{"id":12725,"href":"https:\/\/agora.xtec.cat\/escolalavilapalamos\/wp-json\/wp\/v2\/posts\/12693\/revisions\/12725"}],"wp:featuredmedia":[{"embeddable":true,"href":"https:\/\/agora.xtec.cat\/escolalavilapalamos\/wp-json\/wp\/v2\/media\/12726"}],"wp:attachment":[{"href":"https:\/\/agora.xtec.cat\/escolalavilapalamos\/wp-json\/wp\/v2\/media?parent=12693"}],"wp:term":[{"taxonomy":"category","embeddable":true,"href":"https:\/\/agora.xtec.cat\/escolalavilapalamos\/wp-json\/wp\/v2\/categories?post=12693"},{"taxonomy":"post_tag","embeddable":true,"href":"https:\/\/agora.xtec.cat\/escolalavilapalamos\/wp-json\/wp\/v2\/tags?post=12693"}],"curies":[{"name":"wp","href":"https:\/\/api.w.org\/{rel}","templated":true}]}}