{"id":12689,"date":"2023-01-19T08:23:16","date_gmt":"2023-01-19T07:23:16","guid":{"rendered":"https:\/\/agora.xtec.cat\/escolalavilapalamos\/?p=12689"},"modified":"2023-01-12T10:53:57","modified_gmt":"2023-01-12T09:53:57","slug":"5e-i-6e-van-a-veure-dansa","status":"publish","type":"post","link":"https:\/\/agora.xtec.cat\/escolalavilapalamos\/general\/5e-i-6e-van-a-veure-dansa\/","title":{"rendered":"5\u00e8 i 6\u00e8 van a veure dansa"},"content":{"rendered":"<div class=\"entry-content\">\n<div class=\"entry-content\">\n<p><img loading=\"lazy\" decoding=\"async\" class=\"wp-image-12690 alignright\" src=\"https:\/\/agora.xtec.cat\/escolalavilapalamos\/wp-content\/uploads\/usu897\/2023\/01\/20211217-cobosmika.jpg\" alt=\"\" width=\"415\" height=\"311\" srcset=\"https:\/\/agora.xtec.cat\/escolalavilapalamos\/wp-content\/uploads\/usu897\/2023\/01\/20211217-cobosmika.jpg 800w, https:\/\/agora.xtec.cat\/escolalavilapalamos\/wp-content\/uploads\/usu897\/2023\/01\/20211217-cobosmika-300x225.jpg 300w, https:\/\/agora.xtec.cat\/escolalavilapalamos\/wp-content\/uploads\/usu897\/2023\/01\/20211217-cobosmika-768x576.jpg 768w, https:\/\/agora.xtec.cat\/escolalavilapalamos\/wp-content\/uploads\/usu897\/2023\/01\/20211217-cobosmika-200x150.jpg 200w\" sizes=\"auto, (max-width: 415px) 100vw, 415px\" \/>El proper <strong>dimecres 25 de gener de 2023<\/strong> els nois i noies de 5\u00e8 i 6\u00e8 van a veure l\u2019espectacle <strong>A Midsummer Night&#8217;s Dream<\/strong> de <a href=\"https:\/\/cobosmika.com\/\">CobosMika Company<\/a> La Gorga. 9:30h del mat\u00ed.<\/p>\n<p>La historia ens trasllada a l\u2019antiga Atenes, la \u201ccivilitzada\u201d Atenes, el bressol de la nostra cultura.<br \/>\nEn dos mons paral\u00b7lels, el palau del Duc Teseu i el bosc. A partir d\u2019un triangle amor\u00f3s, que s\u2019ensorra en divertides circumst\u00e0ncies amb l\u2019ajuda d\u2019alguns follets i fades, els<br \/>\ndiferents personatges acaben dubtant de si el que han viscut durant aquella nit \u00e9s real o \u00e9s nom\u00e9s un somni d\u2019una nit d\u2019estiu.<\/p>\n<\/div>\n<\/div>\n<div class=\"entry-content\">\n<p>Us podeu descarregar el dossier pedag\u00f2gic <a href=\"https:\/\/drive.google.com\/file\/d\/1MZukBhNe1jT48Ysr-XvjlxGFN1CyFBBF\/view?usp=sharing\">aqu\u00ed<\/a><\/p>\n<p><iframe loading=\"lazy\" src=\"\/\/www.youtube.com\/embed\/izbCwwMlWIY\" width=\"560\" height=\"314\" allowfullscreen=\"allowfullscreen\"><\/iframe><\/p>\n<p>&nbsp;<\/p>\n<\/div>\n","protected":false},"excerpt":{"rendered":"<p>El proper dimecres 25 de gener de 2023 els nois i noies de 5\u00e8 i 6\u00e8 van a veure l\u2019espectacle A Midsummer Night&#8217;s Dream de <a href=\"https:\/\/cobosmika.com\/\">CobosMika Company<\/a> La Gorga. 9:30h del mat\u00ed.<br \/>\nLa historia ens trasllada a l\u2019antiga Atenes, la \u201ccivilitzada\u201d Atenes, el bressol de&hellip;  <a href=\"https:\/\/agora.xtec.cat\/escolalavilapalamos\/general\/5e-i-6e-van-a-veure-dansa\/\" title=\"Read 5\u00e8 i 6\u00e8 van a veure dansa\">Llegeix m\u00e9s\u00bb<\/a><\/p>\n","protected":false},"author":1,"featured_media":12690,"comment_status":"open","ping_status":"closed","sticky":false,"template":"","format":"standard","meta":{"_bbp_topic_count":0,"_bbp_reply_count":0,"_bbp_total_topic_count":0,"_bbp_total_reply_count":0,"_bbp_voice_count":0,"_bbp_anonymous_reply_count":0,"_bbp_topic_count_hidden":0,"_bbp_reply_count_hidden":0,"_bbp_forum_subforum_count":0,"footnotes":""},"categories":[128,1,4],"tags":[],"class_list":["post-12689","post","type-post","status-publish","format-standard","has-post-thumbnail","hentry","category-comunitat-de-grans","category-general","category-portada"],"post_mailing_queue_ids":[],"_links":{"self":[{"href":"https:\/\/agora.xtec.cat\/escolalavilapalamos\/wp-json\/wp\/v2\/posts\/12689","targetHints":{"allow":["GET"]}}],"collection":[{"href":"https:\/\/agora.xtec.cat\/escolalavilapalamos\/wp-json\/wp\/v2\/posts"}],"about":[{"href":"https:\/\/agora.xtec.cat\/escolalavilapalamos\/wp-json\/wp\/v2\/types\/post"}],"author":[{"embeddable":true,"href":"https:\/\/agora.xtec.cat\/escolalavilapalamos\/wp-json\/wp\/v2\/users\/1"}],"replies":[{"embeddable":true,"href":"https:\/\/agora.xtec.cat\/escolalavilapalamos\/wp-json\/wp\/v2\/comments?post=12689"}],"version-history":[{"count":2,"href":"https:\/\/agora.xtec.cat\/escolalavilapalamos\/wp-json\/wp\/v2\/posts\/12689\/revisions"}],"predecessor-version":[{"id":12692,"href":"https:\/\/agora.xtec.cat\/escolalavilapalamos\/wp-json\/wp\/v2\/posts\/12689\/revisions\/12692"}],"wp:featuredmedia":[{"embeddable":true,"href":"https:\/\/agora.xtec.cat\/escolalavilapalamos\/wp-json\/wp\/v2\/media\/12690"}],"wp:attachment":[{"href":"https:\/\/agora.xtec.cat\/escolalavilapalamos\/wp-json\/wp\/v2\/media?parent=12689"}],"wp:term":[{"taxonomy":"category","embeddable":true,"href":"https:\/\/agora.xtec.cat\/escolalavilapalamos\/wp-json\/wp\/v2\/categories?post=12689"},{"taxonomy":"post_tag","embeddable":true,"href":"https:\/\/agora.xtec.cat\/escolalavilapalamos\/wp-json\/wp\/v2\/tags?post=12689"}],"curies":[{"name":"wp","href":"https:\/\/api.w.org\/{rel}","templated":true}]}}