{"id":12684,"date":"2023-01-12T10:11:50","date_gmt":"2023-01-12T09:11:50","guid":{"rendered":"https:\/\/agora.xtec.cat\/escolalavilapalamos\/?p=12684"},"modified":"2023-01-13T12:11:41","modified_gmt":"2023-01-13T11:11:41","slug":"capsules-formatives-online-sigues-tu-per-les-families","status":"publish","type":"post","link":"https:\/\/agora.xtec.cat\/escolalavilapalamos\/general\/capsules-formatives-online-sigues-tu-per-les-families\/","title":{"rendered":"C\u00e0psules formatives\u00a0online Sigues Tu per les fam\u00edlies"},"content":{"rendered":"<div dir=\"ltr\">\n<div dir=\"ltr\">\n<div><\/div>\n<p><img loading=\"lazy\" decoding=\"async\" class=\"wp-image-12685 alignleft\" src=\"https:\/\/agora.xtec.cat\/escolalavilapalamos\/wp-content\/uploads\/usu897\/2023\/01\/sigues_tu_home_1.png-600x600-1.jpg\" alt=\"\" width=\"353\" height=\"353\" srcset=\"https:\/\/agora.xtec.cat\/escolalavilapalamos\/wp-content\/uploads\/usu897\/2023\/01\/sigues_tu_home_1.png-600x600-1.jpg 600w, https:\/\/agora.xtec.cat\/escolalavilapalamos\/wp-content\/uploads\/usu897\/2023\/01\/sigues_tu_home_1.png-600x600-1-300x300.jpg 300w, https:\/\/agora.xtec.cat\/escolalavilapalamos\/wp-content\/uploads\/usu897\/2023\/01\/sigues_tu_home_1.png-600x600-1-150x150.jpg 150w\" sizes=\"auto, (max-width: 353px) 100vw, 353px\" \/>Programaci\u00f3 de les <strong>c\u00e0psules formatives\u00a0<em>online<\/em>\u00a0<\/strong>del segon trimestre del programa Sigues Tu de Dipsalut. S\u00f3n c\u00e0psules tem\u00e0tiques sobre <strong>salut, benestar i crian\u00e7a. Aquest trimestre abordarem el tema de la sexualitat.\u00a0<\/strong><\/p>\n<p><u>La mateixa c\u00e0psula es repeteix en directe en diversos dies i horaris diferents<\/u>\u00a0per tal de facilitar l&#8217;assist\u00e8ncia. Les fam\u00edlies es poden inscriure al dia i hora que els vagi millor.<\/p>\n<p>Les dues c\u00e0psules que oferim s\u00f3n:<\/p>\n<div>\n<ul>\n<li><strong>COM ACOMPANYAR LA SEXULAITAT DELS INFANTS, amb Anna S\u00e0lvia (psic\u00f2loga en educaci\u00f3 i salut sexual).\u00a0<\/strong>Recomanada per a fam\u00edlies amb infants d\u2019infantil i prim\u00e0ria (0-12 anys).<\/li>\n<\/ul>\n<\/div>\n<ul>\n<li><strong>SEXUALITAT I PORNOGRAFIA A L&#8217;ADOLESC\u00c8NCIA, amb J\u00falia Suriol (especialista en intervenci\u00f3 psicosocial i g\u00e8nere) de l&#8217;entitat 360\u00ba Cartografies Humanes i Socials.\u00a0<\/strong>Recomanada per a fam\u00edlies amb fills i filles de secund\u00e0ria (12-18 anys).<\/li>\n<\/ul>\n<div dir=\"ltr\">\n<p>Esperem que sigui del vostre inter\u00e8s.<a href=\"https:\/\/tokapp.com\/url\/2xrd0cq5\"> Cartell informatiu<\/a><\/p>\n<\/div>\n<\/div>\n<\/div>\n","protected":false},"excerpt":{"rendered":"<p>Programaci\u00f3 de les c\u00e0psules formatives\u00a0online\u00a0del segon trimestre del programa Sigues Tu de Dipsalut. S\u00f3n c\u00e0psules tem\u00e0tiques sobre salut, benestar i crian\u00e7a. Aquest trimestre abordarem el tema de la sexualitat.\u00a0<br \/>\nLa mateixa c\u00e0psula es repeteix en directe en diversos dies i horaris diferents\u00a0per tal de facilitar l&#8217;assist\u00e8ncia.&hellip;  <a href=\"https:\/\/agora.xtec.cat\/escolalavilapalamos\/general\/capsules-formatives-online-sigues-tu-per-les-families\/\" title=\"Read C\u00e0psules formatives\u00a0online Sigues Tu per les fam\u00edlies\">Llegeix m\u00e9s\u00bb<\/a><\/p>\n","protected":false},"author":1,"featured_media":12685,"comment_status":"open","ping_status":"closed","sticky":false,"template":"","format":"standard","meta":{"_bbp_topic_count":0,"_bbp_reply_count":0,"_bbp_total_topic_count":0,"_bbp_total_reply_count":0,"_bbp_voice_count":0,"_bbp_anonymous_reply_count":0,"_bbp_topic_count_hidden":0,"_bbp_reply_count_hidden":0,"_bbp_forum_subforum_count":0,"footnotes":""},"categories":[7,1,4],"tags":[],"class_list":["post-12684","post","type-post","status-publish","format-standard","has-post-thumbnail","hentry","category-ampa","category-general","category-portada"],"post_mailing_queue_ids":[],"_links":{"self":[{"href":"https:\/\/agora.xtec.cat\/escolalavilapalamos\/wp-json\/wp\/v2\/posts\/12684","targetHints":{"allow":["GET"]}}],"collection":[{"href":"https:\/\/agora.xtec.cat\/escolalavilapalamos\/wp-json\/wp\/v2\/posts"}],"about":[{"href":"https:\/\/agora.xtec.cat\/escolalavilapalamos\/wp-json\/wp\/v2\/types\/post"}],"author":[{"embeddable":true,"href":"https:\/\/agora.xtec.cat\/escolalavilapalamos\/wp-json\/wp\/v2\/users\/1"}],"replies":[{"embeddable":true,"href":"https:\/\/agora.xtec.cat\/escolalavilapalamos\/wp-json\/wp\/v2\/comments?post=12684"}],"version-history":[{"count":3,"href":"https:\/\/agora.xtec.cat\/escolalavilapalamos\/wp-json\/wp\/v2\/posts\/12684\/revisions"}],"predecessor-version":[{"id":12697,"href":"https:\/\/agora.xtec.cat\/escolalavilapalamos\/wp-json\/wp\/v2\/posts\/12684\/revisions\/12697"}],"wp:featuredmedia":[{"embeddable":true,"href":"https:\/\/agora.xtec.cat\/escolalavilapalamos\/wp-json\/wp\/v2\/media\/12685"}],"wp:attachment":[{"href":"https:\/\/agora.xtec.cat\/escolalavilapalamos\/wp-json\/wp\/v2\/media?parent=12684"}],"wp:term":[{"taxonomy":"category","embeddable":true,"href":"https:\/\/agora.xtec.cat\/escolalavilapalamos\/wp-json\/wp\/v2\/categories?post=12684"},{"taxonomy":"post_tag","embeddable":true,"href":"https:\/\/agora.xtec.cat\/escolalavilapalamos\/wp-json\/wp\/v2\/tags?post=12684"}],"curies":[{"name":"wp","href":"https:\/\/api.w.org\/{rel}","templated":true}]}}