{"id":12674,"date":"2023-01-11T15:52:20","date_gmt":"2023-01-11T14:52:20","guid":{"rendered":"https:\/\/agora.xtec.cat\/escolalavilapalamos\/?p=12674"},"modified":"2023-01-11T16:09:49","modified_gmt":"2023-01-11T15:09:49","slug":"1r-i-2n-van-a-veure-dansa","status":"publish","type":"post","link":"https:\/\/agora.xtec.cat\/escolalavilapalamos\/general\/1r-i-2n-van-a-veure-dansa\/","title":{"rendered":"1r i 2n van a veure dansa"},"content":{"rendered":"<div class=\"entry-content\">\n<div class=\"entry-content\">\n<p><img loading=\"lazy\" decoding=\"async\" class=\"wp-image-12675 alignright\" src=\"https:\/\/agora.xtec.cat\/escolalavilapalamos\/wp-content\/uploads\/usu897\/2023\/01\/8909-b45adb7a-e7b6-46d7-ae92-f13c698bb057_21-9-aspect-ratio_default_0-1068x457-1.jpg\" alt=\"\" width=\"455\" height=\"249\" srcset=\"https:\/\/agora.xtec.cat\/escolalavilapalamos\/wp-content\/uploads\/usu897\/2023\/01\/8909-b45adb7a-e7b6-46d7-ae92-f13c698bb057_21-9-aspect-ratio_default_0-1068x457-1.jpg 836w, https:\/\/agora.xtec.cat\/escolalavilapalamos\/wp-content\/uploads\/usu897\/2023\/01\/8909-b45adb7a-e7b6-46d7-ae92-f13c698bb057_21-9-aspect-ratio_default_0-1068x457-1-300x164.jpg 300w, https:\/\/agora.xtec.cat\/escolalavilapalamos\/wp-content\/uploads\/usu897\/2023\/01\/8909-b45adb7a-e7b6-46d7-ae92-f13c698bb057_21-9-aspect-ratio_default_0-1068x457-1-768x420.jpg 768w\" sizes=\"auto, (max-width: 455px) 100vw, 455px\" \/>El proper <strong>dimecres 18 de gener de 2023<\/strong> els nens i nenes de 1r i 2n van a veure l\u2019espectacle <strong>Blowing<\/strong> de <a href=\"http:\/\/www.bacum.info\/index.php\/ca\/nosaltres\/mucab-dans\">Cia. M\u00facab Dans<\/a>\u00a0 La Gorga. 9:30h del mat\u00ed.<\/p>\n<p>Ara mateix, en el m\u00f3n, en aquest prec\u00eds moment, deuen estar volant milions i milions de desitjos que volen fer-se realitat.\u00a0Demanem desitjos de moltes maneres diferents; bufant les espelmes el dia del nostre aniversari, veient passar un estel fuga\u00e7, bufant una pestanya, tirant una moneda a un pou o bufant una flor de dent de lle\u00f3. Desitgem moltes coses, en molts moments la nostra vida, per\u00f2.. on van a parar aquests desitjos? Es compleixen? Qui els fa possibles?<\/p>\n<p>A\u00a0<em>Blowing<\/em>\u00a0viurem el viatge d\u2019una petita espora que t\u00e9 una missi\u00f3, complir el desig de la Yuri. Un viatge a trav\u00e9s del vent, ple d\u2019aventures i situacions en les qu\u00e8 trobarem les respostes a totes aquestes preguntes.. o no! Un espectacle visual,\u00a0po\u00e8tic i innovador,\u00a0on la dansa,\u00a0la m\u00fasica en directe i la tecnologia ens convidaran a volar per un m\u00f3n fant\u00e0stic,\u00a0m\u00e0gic i absurd.<\/p>\n<\/div>\n<\/div>\n<div class=\"entry-content\">\n<p>Us podeu descarregar el dossier pedag\u00f2gic <a href=\"https:\/\/drive.google.com\/file\/d\/1se6Y9uiZMfGnWzRsh90SMccQOKZWtVnz\/view?usp=sharing\">aqu\u00ed<\/a><\/p>\n<p><iframe loading=\"lazy\" src=\"\/\/www.youtube.com\/embed\/X8JaN_jzRcU\" width=\"560\" height=\"314\" allowfullscreen=\"allowfullscreen\"><\/iframe><\/p>\n<\/div>\n","protected":false},"excerpt":{"rendered":"<p>El proper dimecres 18 de gener de 2023 els nens i nenes de 1r i 2n van a veure l\u2019espectacle Blowing de <a href=\"http:\/\/www.bacum.info\/index.php\/ca\/nosaltres\/mucab-dans\">Cia. M\u00facab Dans<\/a>\u00a0 La Gorga. 9:30h del mat\u00ed.<br \/>\nAra mateix, en el m\u00f3n, en aquest prec\u00eds moment, deuen estar volant milions i milions&hellip;  <a href=\"https:\/\/agora.xtec.cat\/escolalavilapalamos\/general\/1r-i-2n-van-a-veure-dansa\/\" title=\"Read 1r i 2n van a veure dansa\">Llegeix m\u00e9s\u00bb<\/a><\/p>\n","protected":false},"author":1,"featured_media":12675,"comment_status":"open","ping_status":"closed","sticky":false,"template":"","format":"standard","meta":{"_bbp_topic_count":0,"_bbp_reply_count":0,"_bbp_total_topic_count":0,"_bbp_total_reply_count":0,"_bbp_voice_count":0,"_bbp_anonymous_reply_count":0,"_bbp_topic_count_hidden":0,"_bbp_reply_count_hidden":0,"_bbp_forum_subforum_count":0,"footnotes":""},"categories":[127,1,4],"tags":[],"class_list":["post-12674","post","type-post","status-publish","format-standard","has-post-thumbnail","hentry","category-comunitat-de-mitjans","category-general","category-portada"],"post_mailing_queue_ids":[],"_links":{"self":[{"href":"https:\/\/agora.xtec.cat\/escolalavilapalamos\/wp-json\/wp\/v2\/posts\/12674","targetHints":{"allow":["GET"]}}],"collection":[{"href":"https:\/\/agora.xtec.cat\/escolalavilapalamos\/wp-json\/wp\/v2\/posts"}],"about":[{"href":"https:\/\/agora.xtec.cat\/escolalavilapalamos\/wp-json\/wp\/v2\/types\/post"}],"author":[{"embeddable":true,"href":"https:\/\/agora.xtec.cat\/escolalavilapalamos\/wp-json\/wp\/v2\/users\/1"}],"replies":[{"embeddable":true,"href":"https:\/\/agora.xtec.cat\/escolalavilapalamos\/wp-json\/wp\/v2\/comments?post=12674"}],"version-history":[{"count":2,"href":"https:\/\/agora.xtec.cat\/escolalavilapalamos\/wp-json\/wp\/v2\/posts\/12674\/revisions"}],"predecessor-version":[{"id":12677,"href":"https:\/\/agora.xtec.cat\/escolalavilapalamos\/wp-json\/wp\/v2\/posts\/12674\/revisions\/12677"}],"wp:featuredmedia":[{"embeddable":true,"href":"https:\/\/agora.xtec.cat\/escolalavilapalamos\/wp-json\/wp\/v2\/media\/12675"}],"wp:attachment":[{"href":"https:\/\/agora.xtec.cat\/escolalavilapalamos\/wp-json\/wp\/v2\/media?parent=12674"}],"wp:term":[{"taxonomy":"category","embeddable":true,"href":"https:\/\/agora.xtec.cat\/escolalavilapalamos\/wp-json\/wp\/v2\/categories?post=12674"},{"taxonomy":"post_tag","embeddable":true,"href":"https:\/\/agora.xtec.cat\/escolalavilapalamos\/wp-json\/wp\/v2\/tags?post=12674"}],"curies":[{"name":"wp","href":"https:\/\/api.w.org\/{rel}","templated":true}]}}