{"id":12669,"date":"2023-01-11T13:07:13","date_gmt":"2023-01-11T12:07:13","guid":{"rendered":"https:\/\/agora.xtec.cat\/escolalavilapalamos\/?p=12669"},"modified":"2023-01-11T15:52:52","modified_gmt":"2023-01-11T14:52:52","slug":"3r-i-4t-van-a-dansa","status":"publish","type":"post","link":"https:\/\/agora.xtec.cat\/escolalavilapalamos\/general\/3r-i-4t-van-a-dansa\/","title":{"rendered":"3r i 4t van a veure dansa"},"content":{"rendered":"<header class=\"entry-header\"><\/header>\n<div class=\"entry-content\">\n<div class=\"entry-content\">\n<p><img loading=\"lazy\" decoding=\"async\" class=\"wp-image-12670 alignright\" src=\"https:\/\/agora.xtec.cat\/escolalavilapalamos\/wp-content\/uploads\/usu897\/2023\/01\/POSTER_COLORSNSDANZACAT-scaled-1.jpg\" alt=\"\" width=\"284\" height=\"401\" srcset=\"https:\/\/agora.xtec.cat\/escolalavilapalamos\/wp-content\/uploads\/usu897\/2023\/01\/POSTER_COLORSNSDANZACAT-scaled-1.jpg 1814w, https:\/\/agora.xtec.cat\/escolalavilapalamos\/wp-content\/uploads\/usu897\/2023\/01\/POSTER_COLORSNSDANZACAT-scaled-1-213x300.jpg 213w, https:\/\/agora.xtec.cat\/escolalavilapalamos\/wp-content\/uploads\/usu897\/2023\/01\/POSTER_COLORSNSDANZACAT-scaled-1-726x1024.jpg 726w, https:\/\/agora.xtec.cat\/escolalavilapalamos\/wp-content\/uploads\/usu897\/2023\/01\/POSTER_COLORSNSDANZACAT-scaled-1-768x1084.jpg 768w, https:\/\/agora.xtec.cat\/escolalavilapalamos\/wp-content\/uploads\/usu897\/2023\/01\/POSTER_COLORSNSDANZACAT-scaled-1-1088x1536.jpg 1088w, https:\/\/agora.xtec.cat\/escolalavilapalamos\/wp-content\/uploads\/usu897\/2023\/01\/POSTER_COLORSNSDANZACAT-scaled-1-1451x2048.jpg 1451w\" sizes=\"auto, (max-width: 284px) 100vw, 284px\" \/>El proper <strong>dimarts 17 de gener de 2023<\/strong> els nens i nenes de 3r i 4t van a veure l\u2019espectacle <strong>Els colors del Tic Tac<\/strong> de Cia. <a href=\"https:\/\/www.nsdanza.com\/colors-tic-tac\">NS danza <\/a>a La Gorga. 9:30h del mat\u00ed.<\/p>\n<p>Tot comen\u00e7a una tarda de dissabte que promet ser molt divertida. Avui \u00e9s l&#8217;aniversari del nostre protagonista, en Pol. Quan s&#8217;aixeca crida els seus amics i els convida a la seva gran festa. Quan arriben a casa, passa el de sempre. Donen el regal, i mira per on &#8230; es posen a jugar a la consola, l&#8217;ordinador i a parlar pel m\u00f2bil.<br \/>\nEn Pol molt trist, els diu que els ha trucat per jugar i per passar-ho b\u00e9 perqu\u00e8 \u00e9s la seva festa, per\u00f2 ells segueixen jugant sols cadascun amb les seves maquinetes. Llavors en Pol treu el past\u00eds pensant que ser\u00e0 un bon reclam, per\u00f2 tampoc li fan cas. Finalment pensa que mirar una pel\u00b7l\u00edcula, ser\u00e0 l&#8217;opci\u00f3 m\u00e9s interessant perqu\u00e8 ser\u00e0 l&#8217;\u00fanica cosa que faran junts aquest dia.<\/p>\n<\/div>\n<\/div>\n<div class=\"entry-content\">\n<p>Us podeu descarregar el dossier pedag\u00f2gic <a href=\"https:\/\/drive.google.com\/file\/d\/1DOnfNt8R2IXkhbwLdQVGmnDBo3OUYn9b\/view?usp=sharing\">aqu\u00ed<\/a><\/p>\n<p><iframe loading=\"lazy\" src=\"\/\/www.youtube.com\/embed\/52tCcBqq18I\" width=\"560\" height=\"314\" allowfullscreen=\"allowfullscreen\"><\/iframe><\/p>\n<\/div>\n","protected":false},"excerpt":{"rendered":"<p>El proper dimarts 17 de gener de 2023 els nens i nenes de 3r i 4t van a veure l\u2019espectacle Els colors del Tic Tac de Cia. <a href=\"https:\/\/www.nsdanza.com\/colors-tic-tac\">NS danza <\/a>a La Gorga. 9:30h del mat\u00ed.<br \/>\nTot comen\u00e7a una tarda de dissabte que promet ser molt&hellip;  <a href=\"https:\/\/agora.xtec.cat\/escolalavilapalamos\/general\/3r-i-4t-van-a-dansa\/\" title=\"Read 3r i 4t van a veure dansa\">Llegeix m\u00e9s\u00bb<\/a><\/p>\n","protected":false},"author":1,"featured_media":12670,"comment_status":"open","ping_status":"closed","sticky":false,"template":"","format":"standard","meta":{"_bbp_topic_count":0,"_bbp_reply_count":0,"_bbp_total_topic_count":0,"_bbp_total_reply_count":0,"_bbp_voice_count":0,"_bbp_anonymous_reply_count":0,"_bbp_topic_count_hidden":0,"_bbp_reply_count_hidden":0,"_bbp_forum_subforum_count":0,"footnotes":""},"categories":[128,1,4],"tags":[],"class_list":["post-12669","post","type-post","status-publish","format-standard","has-post-thumbnail","hentry","category-comunitat-de-grans","category-general","category-portada"],"post_mailing_queue_ids":[],"_links":{"self":[{"href":"https:\/\/agora.xtec.cat\/escolalavilapalamos\/wp-json\/wp\/v2\/posts\/12669","targetHints":{"allow":["GET"]}}],"collection":[{"href":"https:\/\/agora.xtec.cat\/escolalavilapalamos\/wp-json\/wp\/v2\/posts"}],"about":[{"href":"https:\/\/agora.xtec.cat\/escolalavilapalamos\/wp-json\/wp\/v2\/types\/post"}],"author":[{"embeddable":true,"href":"https:\/\/agora.xtec.cat\/escolalavilapalamos\/wp-json\/wp\/v2\/users\/1"}],"replies":[{"embeddable":true,"href":"https:\/\/agora.xtec.cat\/escolalavilapalamos\/wp-json\/wp\/v2\/comments?post=12669"}],"version-history":[{"count":3,"href":"https:\/\/agora.xtec.cat\/escolalavilapalamos\/wp-json\/wp\/v2\/posts\/12669\/revisions"}],"predecessor-version":[{"id":12673,"href":"https:\/\/agora.xtec.cat\/escolalavilapalamos\/wp-json\/wp\/v2\/posts\/12669\/revisions\/12673"}],"wp:featuredmedia":[{"embeddable":true,"href":"https:\/\/agora.xtec.cat\/escolalavilapalamos\/wp-json\/wp\/v2\/media\/12670"}],"wp:attachment":[{"href":"https:\/\/agora.xtec.cat\/escolalavilapalamos\/wp-json\/wp\/v2\/media?parent=12669"}],"wp:term":[{"taxonomy":"category","embeddable":true,"href":"https:\/\/agora.xtec.cat\/escolalavilapalamos\/wp-json\/wp\/v2\/categories?post=12669"},{"taxonomy":"post_tag","embeddable":true,"href":"https:\/\/agora.xtec.cat\/escolalavilapalamos\/wp-json\/wp\/v2\/tags?post=12669"}],"curies":[{"name":"wp","href":"https:\/\/api.w.org\/{rel}","templated":true}]}}