{"id":12663,"date":"2023-01-11T12:44:14","date_gmt":"2023-01-11T11:44:14","guid":{"rendered":"https:\/\/agora.xtec.cat\/escolalavilapalamos\/?p=12663"},"modified":"2023-01-11T12:46:09","modified_gmt":"2023-01-11T11:46:09","slug":"portatils-nous-per-5e","status":"publish","type":"post","link":"https:\/\/agora.xtec.cat\/escolalavilapalamos\/general\/portatils-nous-per-5e\/","title":{"rendered":"Port\u00e0tils nous per 5\u00e8"},"content":{"rendered":"<p><strong><img loading=\"lazy\" decoding=\"async\" class=\"wp-image-12664 alignleft\" src=\"https:\/\/agora.xtec.cat\/escolalavilapalamos\/wp-content\/uploads\/usu897\/2023\/01\/E3MQy4-XoAcxueS-1024x516-1.jpg\" alt=\"\" width=\"455\" height=\"229\" srcset=\"https:\/\/agora.xtec.cat\/escolalavilapalamos\/wp-content\/uploads\/usu897\/2023\/01\/E3MQy4-XoAcxueS-1024x516-1.jpg 1024w, https:\/\/agora.xtec.cat\/escolalavilapalamos\/wp-content\/uploads\/usu897\/2023\/01\/E3MQy4-XoAcxueS-1024x516-1-300x151.jpg 300w, https:\/\/agora.xtec.cat\/escolalavilapalamos\/wp-content\/uploads\/usu897\/2023\/01\/E3MQy4-XoAcxueS-1024x516-1-768x387.jpg 768w\" sizes=\"auto, (max-width: 455px) 100vw, 455px\" \/>El Pla d\u2019educaci\u00f3 digital de Catalunya 2020-2023<\/strong> t\u00e9 per objectiu contribuir al desenvolupament de les compet\u00e8ncies digitals que els ciutadans i les ciutadanes necessiten per viure i treballar en una societat immersa en constants transformacions i canvis. Per tal d\u2019assolir aquest objectiu \u00e9s necessari assegurar la connectivitat dels centres educatius i proporcionar els equipaments necessaris a alumnes i docents.<\/p>\n<p>Des del centre <strong>posem a la disposici\u00f3 dels nostres alumnes de 5\u00e8 un ordinador port\u00e0til <\/strong>per tal que en facin el bon \u00fas necessari per seguir el seu aprenentatge. \u00c9s la seva responsabilitat assegurar-se que es mant\u00e9 en bon estat al llarg de tot el curs. El centre pot demanar al llarg del curs diversos punts de control si ho considera necessari. Recordeu, no \u00e9s un ordinador en propietat, sin\u00f3 que \u00e9s propietat del centre que us el cedeix en pr\u00e9stec. Caldr\u00e0 retornar-lo.<\/p>\n<p>Per poder utilitzar-lo cal que introdueixin l\u2019usuari i la contrasenya personal. La vostra identificaci\u00f3 permet al centre gestionar les vostres dades.<\/p>\n<p><a href=\"https:\/\/drive.google.com\/file\/d\/1lOm9dz-9VUMywg50HP8_gxVTalTgV_RY\/view?usp=sharing\">Circular de rebuda dels ordinadors de 5\u00e8<\/a><\/p>\n","protected":false},"excerpt":{"rendered":"<p>El Pla d\u2019educaci\u00f3 digital de Catalunya 2020-2023 t\u00e9 per objectiu contribuir al desenvolupament de les compet\u00e8ncies digitals que els ciutadans i les ciutadanes necessiten per viure i treballar en una societat immersa en constants transformacions i canvis. Per tal d\u2019assolir aquest objectiu \u00e9s necessari assegurar&hellip;  <a href=\"https:\/\/agora.xtec.cat\/escolalavilapalamos\/general\/portatils-nous-per-5e\/\" title=\"Read Port\u00e0tils nous per 5\u00e8\">Llegeix m\u00e9s\u00bb<\/a><\/p>\n","protected":false},"author":1,"featured_media":12664,"comment_status":"open","ping_status":"closed","sticky":false,"template":"","format":"standard","meta":{"_bbp_topic_count":0,"_bbp_reply_count":0,"_bbp_total_topic_count":0,"_bbp_total_reply_count":0,"_bbp_voice_count":0,"_bbp_anonymous_reply_count":0,"_bbp_topic_count_hidden":0,"_bbp_reply_count_hidden":0,"_bbp_forum_subforum_count":0,"footnotes":""},"categories":[128,1,4],"tags":[],"class_list":["post-12663","post","type-post","status-publish","format-standard","has-post-thumbnail","hentry","category-comunitat-de-grans","category-general","category-portada"],"post_mailing_queue_ids":[],"_links":{"self":[{"href":"https:\/\/agora.xtec.cat\/escolalavilapalamos\/wp-json\/wp\/v2\/posts\/12663","targetHints":{"allow":["GET"]}}],"collection":[{"href":"https:\/\/agora.xtec.cat\/escolalavilapalamos\/wp-json\/wp\/v2\/posts"}],"about":[{"href":"https:\/\/agora.xtec.cat\/escolalavilapalamos\/wp-json\/wp\/v2\/types\/post"}],"author":[{"embeddable":true,"href":"https:\/\/agora.xtec.cat\/escolalavilapalamos\/wp-json\/wp\/v2\/users\/1"}],"replies":[{"embeddable":true,"href":"https:\/\/agora.xtec.cat\/escolalavilapalamos\/wp-json\/wp\/v2\/comments?post=12663"}],"version-history":[{"count":3,"href":"https:\/\/agora.xtec.cat\/escolalavilapalamos\/wp-json\/wp\/v2\/posts\/12663\/revisions"}],"predecessor-version":[{"id":12668,"href":"https:\/\/agora.xtec.cat\/escolalavilapalamos\/wp-json\/wp\/v2\/posts\/12663\/revisions\/12668"}],"wp:featuredmedia":[{"embeddable":true,"href":"https:\/\/agora.xtec.cat\/escolalavilapalamos\/wp-json\/wp\/v2\/media\/12664"}],"wp:attachment":[{"href":"https:\/\/agora.xtec.cat\/escolalavilapalamos\/wp-json\/wp\/v2\/media?parent=12663"}],"wp:term":[{"taxonomy":"category","embeddable":true,"href":"https:\/\/agora.xtec.cat\/escolalavilapalamos\/wp-json\/wp\/v2\/categories?post=12663"},{"taxonomy":"post_tag","embeddable":true,"href":"https:\/\/agora.xtec.cat\/escolalavilapalamos\/wp-json\/wp\/v2\/tags?post=12663"}],"curies":[{"name":"wp","href":"https:\/\/api.w.org\/{rel}","templated":true}]}}