{"id":12628,"date":"2022-12-20T22:50:48","date_gmt":"2022-12-20T21:50:48","guid":{"rendered":"https:\/\/agora.xtec.cat\/escolalavilapalamos\/?p=12628"},"modified":"2022-12-20T22:50:48","modified_gmt":"2022-12-20T21:50:48","slug":"poesia-i-dibuix","status":"publish","type":"post","link":"https:\/\/agora.xtec.cat\/escolalavilapalamos\/general\/poesia-i-dibuix\/","title":{"rendered":"Poesia i dibuix"},"content":{"rendered":"<p>Dins de les propostes per a presentar a la vetllada de 2n i 5\u00e8 hi havia &#8220;poesia i dibuix&#8221;. La poesia ens va inspirar per a fer una composici\u00f3 amb la participaci\u00f3 dels nens i nenes de 2n i 5\u00e8 que van escollir aquesta proposta. Us deixem el v\u00eddeo que resumeix la feina que vam fer durant la setmana de preparaci\u00f3 i el resultat final. Sou uns artistes!<\/p>\n<p><a href=\"http:\/\/iframe%20allowfullscreen%20width='852'%20height='479'%20scrolling='no'%20frameborder='0'%20style='border:%20none;'%20src='https:\/\/www.wevideo.com\/embed\/#2906906543'%20allowfullscreen\/iframe\"><iframe loading=\"lazy\" style=\"border: none;\" src=\"https:\/\/www.wevideo.com\/embed\/#2906906543\" width=\"852\" height=\"479\" frameborder=\"0\" scrolling=\"no\" allowfullscreen=\"allowfullscreen\"><\/iframe><\/a><\/p>\n","protected":false},"excerpt":{"rendered":"<p>Dins de les propostes per a presentar a la vetllada de 2n i 5\u00e8 hi havia &#8220;poesia i dibuix&#8221;. La poesia ens va inspirar per a fer una composici\u00f3 amb la participaci\u00f3 dels nens i nenes de 2n i 5\u00e8 que van escollir aquesta proposta.&hellip;  <a href=\"https:\/\/agora.xtec.cat\/escolalavilapalamos\/general\/poesia-i-dibuix\/\" title=\"Read Poesia i dibuix\">Llegeix m\u00e9s\u00bb<\/a><\/p>\n","protected":false},"author":194,"featured_media":0,"comment_status":"open","ping_status":"closed","sticky":false,"template":"","format":"standard","meta":{"_bbp_topic_count":0,"_bbp_reply_count":0,"_bbp_total_topic_count":0,"_bbp_total_reply_count":0,"_bbp_voice_count":0,"_bbp_anonymous_reply_count":0,"_bbp_topic_count_hidden":0,"_bbp_reply_count_hidden":0,"_bbp_forum_subforum_count":0,"footnotes":""},"categories":[1],"tags":[],"class_list":["post-12628","post","type-post","status-publish","format-standard","hentry","category-general"],"post_mailing_queue_ids":[],"_links":{"self":[{"href":"https:\/\/agora.xtec.cat\/escolalavilapalamos\/wp-json\/wp\/v2\/posts\/12628","targetHints":{"allow":["GET"]}}],"collection":[{"href":"https:\/\/agora.xtec.cat\/escolalavilapalamos\/wp-json\/wp\/v2\/posts"}],"about":[{"href":"https:\/\/agora.xtec.cat\/escolalavilapalamos\/wp-json\/wp\/v2\/types\/post"}],"author":[{"embeddable":true,"href":"https:\/\/agora.xtec.cat\/escolalavilapalamos\/wp-json\/wp\/v2\/users\/194"}],"replies":[{"embeddable":true,"href":"https:\/\/agora.xtec.cat\/escolalavilapalamos\/wp-json\/wp\/v2\/comments?post=12628"}],"version-history":[{"count":1,"href":"https:\/\/agora.xtec.cat\/escolalavilapalamos\/wp-json\/wp\/v2\/posts\/12628\/revisions"}],"predecessor-version":[{"id":12629,"href":"https:\/\/agora.xtec.cat\/escolalavilapalamos\/wp-json\/wp\/v2\/posts\/12628\/revisions\/12629"}],"wp:attachment":[{"href":"https:\/\/agora.xtec.cat\/escolalavilapalamos\/wp-json\/wp\/v2\/media?parent=12628"}],"wp:term":[{"taxonomy":"category","embeddable":true,"href":"https:\/\/agora.xtec.cat\/escolalavilapalamos\/wp-json\/wp\/v2\/categories?post=12628"},{"taxonomy":"post_tag","embeddable":true,"href":"https:\/\/agora.xtec.cat\/escolalavilapalamos\/wp-json\/wp\/v2\/tags?post=12628"}],"curies":[{"name":"wp","href":"https:\/\/api.w.org\/{rel}","templated":true}]}}