{"id":12623,"date":"2022-12-16T08:14:09","date_gmt":"2022-12-16T07:14:09","guid":{"rendered":"https:\/\/agora.xtec.cat\/escolalavilapalamos\/?p=12623"},"modified":"2023-01-01T20:19:08","modified_gmt":"2023-01-01T19:19:08","slug":"el-nadal-arriba-a-lescola-5","status":"publish","type":"post","link":"https:\/\/agora.xtec.cat\/escolalavilapalamos\/general\/el-nadal-arriba-a-lescola-5\/","title":{"rendered":"El Nadal arriba a l&#8217;escola"},"content":{"rendered":"<p>Ens agradaria convidar-vos a les cantades de nadales que farem en el pavell\u00f3 els dies seg\u00fcents:<img loading=\"lazy\" decoding=\"async\" class=\"wp-image-12613 alignright\" src=\"https:\/\/agora.xtec.cat\/escolalavilapalamos\/wp-content\/uploads\/usu897\/2022\/12\/Nadal.jpg\" alt=\"\" width=\"389\" height=\"550\" srcset=\"https:\/\/agora.xtec.cat\/escolalavilapalamos\/wp-content\/uploads\/usu897\/2022\/12\/Nadal.jpg 1587w, https:\/\/agora.xtec.cat\/escolalavilapalamos\/wp-content\/uploads\/usu897\/2022\/12\/Nadal-212x300.jpg 212w, https:\/\/agora.xtec.cat\/escolalavilapalamos\/wp-content\/uploads\/usu897\/2022\/12\/Nadal-724x1024.jpg 724w, https:\/\/agora.xtec.cat\/escolalavilapalamos\/wp-content\/uploads\/usu897\/2022\/12\/Nadal-768x1086.jpg 768w, https:\/\/agora.xtec.cat\/escolalavilapalamos\/wp-content\/uploads\/usu897\/2022\/12\/Nadal-1086x1536.jpg 1086w, https:\/\/agora.xtec.cat\/escolalavilapalamos\/wp-content\/uploads\/usu897\/2022\/12\/Nadal-1448x2048.jpg 1448w\" sizes=\"auto, (max-width: 389px) 100vw, 389px\" \/><\/p>\n<p><a class=\"wp-image-2177 alignleft\" href=\"http:\/\/agora.xtec.cat\/escolalavilapalamos\/wp-content\/uploads\/usu897\/2014\/10\/20140411-xuxulanstrum-catradio3.png\"><img loading=\"lazy\" decoding=\"async\" class=\"wp-image-2177 alignleft\" src=\"http:\/\/agora.xtec.cat\/escolalavilapalamos\/wp-content\/uploads\/usu897\/2014\/10\/20140411-xuxulanstrum-catradio3.png\" sizes=\"auto, (max-width: 391px) 100vw, 391px\" srcset=\"https:\/\/agora.xtec.cat\/escolalavilapalamos\/wp-content\/uploads\/usu897\/2014\/10\/20140411-xuxulanstrum-catradio3.png 550w, https:\/\/agora.xtec.cat\/escolalavilapalamos\/wp-content\/uploads\/usu897\/2014\/10\/20140411-xuxulanstrum-catradio3-300x210.png 300w\" alt=\"\" width=\"251\" height=\"175\" \/><\/a>El <strong>dilluns 19 de desembre a les 15h<\/strong>. Vetllada de Nadal dels alumnes de la comunitat de petits ( P3, P4 i P5)<\/p>\n<p>El <strong>dilluns 19 de desembre a les 18h<\/strong>. Vetllada de Nadal dels alumnes de 2n i 5\u00e8.<\/p>\n<p>El <strong>dilluns 19 de desembre a les 19:30h<\/strong>. Vetllada de Nadal dels alumnes de 3r i 6\u00e8.<\/p>\n<p>El <strong>dimarts 20 de desembre a les 18h<\/strong>. Vetllada de Nadal dels alumnes de 1r i 4t.<\/p>\n<div class=\"x11i5rnm xat24cr x1mh8g0r x1vvkbs xtlvy1s x126k92a\">\n<p dir=\"auto\">Els nens i nenes entren 10 minuts abans per la porta principal de l\u2019escola. Les fam\u00edlies, entrada pel pavell\u00f3 a l&#8217;hora assignada.<\/p>\n<\/div>\n<p><em>Nota: Les cantades de Nadal s\u00f3n un acte p\u00fablic. Les fam\u00edlies poden fer fotografies i enregistraments de v\u00eddeo dels actes, per\u00f2 no poden penjar aquestes a internet o xarxes socials ( l\u2019escola s\u2019eximeix de tota responsabilitat en aquest sentit).<\/em> <em>Preguem deixar lliures els passadissos i evitar marxar enmig de les actuacions dels alumnes. Gr\u00e0cies<\/em><br \/>\n<em>Recordeu que trobareu els audiovisuals de totes les cantades de Nadal a la web properament.<br \/>\n<\/em><\/p>\n<p>El dimecres 21 de desembre arriba el <strong>patge dels Reis Mags<\/strong> per recollir les cartes dels nens i nenes de l\u2019escola. Farem cagar el ti\u00f3 i farem l\u2019amic invisible.<\/p>\n<p><strong>El dimecres 21 de desembre les classes acaben a les 12:30h. Hi ha servei de menjador fins a les 15h. A la tarda no hi ha classe. <\/strong><\/p>\n<p><strong><img loading=\"lazy\" decoding=\"async\" class=\"wp-image-12605 alignright\" src=\"https:\/\/agora.xtec.cat\/escolalavilapalamos\/wp-content\/uploads\/usu897\/2022\/12\/unnamed.jpg\" alt=\"\" width=\"452\" height=\"226\" srcset=\"https:\/\/agora.xtec.cat\/escolalavilapalamos\/wp-content\/uploads\/usu897\/2022\/12\/unnamed.jpg 1480w, https:\/\/agora.xtec.cat\/escolalavilapalamos\/wp-content\/uploads\/usu897\/2022\/12\/unnamed-300x150.jpg 300w, https:\/\/agora.xtec.cat\/escolalavilapalamos\/wp-content\/uploads\/usu897\/2022\/12\/unnamed-1024x512.jpg 1024w, https:\/\/agora.xtec.cat\/escolalavilapalamos\/wp-content\/uploads\/usu897\/2022\/12\/unnamed-768x384.jpg 768w\" sizes=\"auto, (max-width: 452px) 100vw, 452px\" \/><\/strong><\/p>\n<h5><a href=\"https:\/\/photos.app.goo.gl\/h9A6mQUV6vYU4UEZ9\">Activitats de Nadal a l&#8217;escola\u00a0<\/a><\/h5>\n<h5><a href=\"https:\/\/photos.app.goo.gl\/r21YV8tvy6quLLVa6\">Amic invisible dels grans<\/a><\/h5>\n","protected":false},"excerpt":{"rendered":"<p>Ens agradaria convidar-vos a les cantades de nadales que farem en el pavell\u00f3 els dies seg\u00fcents:<br \/>\n<a class=\"wp-image-2177 alignleft\" href=\"http:\/\/agora.xtec.cat\/escolalavilapalamos\/wp-content\/uploads\/usu897\/2014\/10\/20140411-xuxulanstrum-catradio3.png\"><\/a>El dilluns 19 de desembre a les 15h. Vetllada de Nadal dels alumnes de la comunitat de petits ( P3, P4 i P5)<br \/>\nEl dilluns 19 de desembre&hellip;  <a href=\"https:\/\/agora.xtec.cat\/escolalavilapalamos\/general\/el-nadal-arriba-a-lescola-5\/\" title=\"Read El Nadal arriba a l&#8217;escola\">Llegeix m\u00e9s\u00bb<\/a><\/p>\n","protected":false},"author":1,"featured_media":12605,"comment_status":"open","ping_status":"closed","sticky":false,"template":"","format":"standard","meta":{"_bbp_topic_count":0,"_bbp_reply_count":0,"_bbp_total_topic_count":0,"_bbp_total_reply_count":0,"_bbp_voice_count":0,"_bbp_anonymous_reply_count":0,"_bbp_topic_count_hidden":0,"_bbp_reply_count_hidden":0,"_bbp_forum_subforum_count":0,"footnotes":""},"categories":[1,4],"tags":[],"class_list":["post-12623","post","type-post","status-publish","format-standard","has-post-thumbnail","hentry","category-general","category-portada"],"post_mailing_queue_ids":[],"_links":{"self":[{"href":"https:\/\/agora.xtec.cat\/escolalavilapalamos\/wp-json\/wp\/v2\/posts\/12623","targetHints":{"allow":["GET"]}}],"collection":[{"href":"https:\/\/agora.xtec.cat\/escolalavilapalamos\/wp-json\/wp\/v2\/posts"}],"about":[{"href":"https:\/\/agora.xtec.cat\/escolalavilapalamos\/wp-json\/wp\/v2\/types\/post"}],"author":[{"embeddable":true,"href":"https:\/\/agora.xtec.cat\/escolalavilapalamos\/wp-json\/wp\/v2\/users\/1"}],"replies":[{"embeddable":true,"href":"https:\/\/agora.xtec.cat\/escolalavilapalamos\/wp-json\/wp\/v2\/comments?post=12623"}],"version-history":[{"count":2,"href":"https:\/\/agora.xtec.cat\/escolalavilapalamos\/wp-json\/wp\/v2\/posts\/12623\/revisions"}],"predecessor-version":[{"id":12651,"href":"https:\/\/agora.xtec.cat\/escolalavilapalamos\/wp-json\/wp\/v2\/posts\/12623\/revisions\/12651"}],"wp:featuredmedia":[{"embeddable":true,"href":"https:\/\/agora.xtec.cat\/escolalavilapalamos\/wp-json\/wp\/v2\/media\/12605"}],"wp:attachment":[{"href":"https:\/\/agora.xtec.cat\/escolalavilapalamos\/wp-json\/wp\/v2\/media?parent=12623"}],"wp:term":[{"taxonomy":"category","embeddable":true,"href":"https:\/\/agora.xtec.cat\/escolalavilapalamos\/wp-json\/wp\/v2\/categories?post=12623"},{"taxonomy":"post_tag","embeddable":true,"href":"https:\/\/agora.xtec.cat\/escolalavilapalamos\/wp-json\/wp\/v2\/tags?post=12623"}],"curies":[{"name":"wp","href":"https:\/\/api.w.org\/{rel}","templated":true}]}}