{"id":12609,"date":"2022-12-19T11:36:56","date_gmt":"2022-12-19T10:36:56","guid":{"rendered":"https:\/\/agora.xtec.cat\/escolalavilapalamos\/?p=12609"},"modified":"2022-12-19T11:36:56","modified_gmt":"2022-12-19T10:36:56","slug":"la-fira-nadalenca","status":"publish","type":"post","link":"https:\/\/agora.xtec.cat\/escolalavilapalamos\/general\/la-fira-nadalenca\/","title":{"rendered":"La Fira nadalenca"},"content":{"rendered":"<p><img loading=\"lazy\" decoding=\"async\" class=\"wp-image-12610  alignright\" src=\"https:\/\/agora.xtec.cat\/escolalavilapalamos\/wp-content\/uploads\/usu897\/2022\/12\/WhatsApp-Image-2022-12-18-at-20.04.11.jpeg\" alt=\"\" width=\"360\" height=\"360\" srcset=\"https:\/\/agora.xtec.cat\/escolalavilapalamos\/wp-content\/uploads\/usu897\/2022\/12\/WhatsApp-Image-2022-12-18-at-20.04.11.jpeg 1080w, https:\/\/agora.xtec.cat\/escolalavilapalamos\/wp-content\/uploads\/usu897\/2022\/12\/WhatsApp-Image-2022-12-18-at-20.04.11-300x300.jpeg 300w, https:\/\/agora.xtec.cat\/escolalavilapalamos\/wp-content\/uploads\/usu897\/2022\/12\/WhatsApp-Image-2022-12-18-at-20.04.11-1024x1024.jpeg 1024w, https:\/\/agora.xtec.cat\/escolalavilapalamos\/wp-content\/uploads\/usu897\/2022\/12\/WhatsApp-Image-2022-12-18-at-20.04.11-150x150.jpeg 150w, https:\/\/agora.xtec.cat\/escolalavilapalamos\/wp-content\/uploads\/usu897\/2022\/12\/WhatsApp-Image-2022-12-18-at-20.04.11-768x768.jpeg 768w\" sizes=\"auto, (max-width: 360px) 100vw, 360px\" \/>La nostra escola ha participat a la tradicional <strong>Fira Nadalenca<\/strong> de Palam\u00f3s. La fira ha tornat despr\u00e9s de dos anys aturada per la pand\u00e8mia.<\/p>\n<p>Diumenge 18 de desembre, el carrer Major va acollir, de les 10 a les 14 h, la 44a edici\u00f3 d\u2019aquesta tradicional activitat amb objectius solidaris. Mitjan\u00e7ant la venda de productes decoratius de nadal o el sorteig d\u2019obres d\u2019art, la fira nadalenca va recaptar diners a benefici de les persones amb discapacitats ps\u00edquiques de la comarca. La recaptaci\u00f3 global de totes aquestes activitats es destinaran enguany a l\u2019associaci\u00f3 AFATRAM i l&#8217;associaci\u00f3 Trampol\u00ed, que fomenten activitats i projectes per a les persones amb discapacitats ps\u00edquiques del Baix Empord\u00e0.<\/p>\n<p>Dins el marc de la fira nadalenca es va fer entrega dels premis del Concurs de Dibuix de Nadales del Cercle Art\u00edstic de Palam\u00f3s. El 3r Premi ha estat per l&#8217; Izan Francisco, alumne de 3r.<\/p>\n<p><img loading=\"lazy\" decoding=\"async\" class=\"wp-image-12611  alignleft\" src=\"https:\/\/agora.xtec.cat\/escolalavilapalamos\/wp-content\/uploads\/usu897\/2022\/12\/WhatsApp-Image-2022-12-19-at-09.35.23.jpeg\" alt=\"\" width=\"304\" height=\"242\" srcset=\"https:\/\/agora.xtec.cat\/escolalavilapalamos\/wp-content\/uploads\/usu897\/2022\/12\/WhatsApp-Image-2022-12-19-at-09.35.23.jpeg 604w, https:\/\/agora.xtec.cat\/escolalavilapalamos\/wp-content\/uploads\/usu897\/2022\/12\/WhatsApp-Image-2022-12-19-at-09.35.23-300x239.jpeg 300w\" sizes=\"auto, (max-width: 304px) 100vw, 304px\" \/><\/p>\n<p>Organitza:Associaci\u00f3 Fira Nadalenca de Palam\u00f3s<br \/>\nM\u00e9s informaci\u00f3 a <a href=\"http:\/\/www.palamos.cat\/palamos\/ajuntament\/noticies.aspx?id_registre=2930\">la web de l&#8217;Ajuntament de Palam\u00f3s<\/a><\/p>\n","protected":false},"excerpt":{"rendered":"<p>La nostra escola ha participat a la tradicional Fira Nadalenca de Palam\u00f3s. La fira ha tornat despr\u00e9s de dos anys aturada per la pand\u00e8mia.<br \/>\nDiumenge 18 de desembre, el carrer Major va acollir, de les 10 a les 14 h, la 44a edici\u00f3 d\u2019aquesta tradicional activitat&hellip;  <a href=\"https:\/\/agora.xtec.cat\/escolalavilapalamos\/general\/la-fira-nadalenca\/\" title=\"Read La Fira nadalenca\">Llegeix m\u00e9s\u00bb<\/a><\/p>\n","protected":false},"author":1,"featured_media":12610,"comment_status":"open","ping_status":"closed","sticky":false,"template":"","format":"standard","meta":{"_bbp_topic_count":0,"_bbp_reply_count":0,"_bbp_total_topic_count":0,"_bbp_total_reply_count":0,"_bbp_voice_count":0,"_bbp_anonymous_reply_count":0,"_bbp_topic_count_hidden":0,"_bbp_reply_count_hidden":0,"_bbp_forum_subforum_count":0,"footnotes":""},"categories":[1,4],"tags":[],"class_list":["post-12609","post","type-post","status-publish","format-standard","has-post-thumbnail","hentry","category-general","category-portada"],"post_mailing_queue_ids":[],"_links":{"self":[{"href":"https:\/\/agora.xtec.cat\/escolalavilapalamos\/wp-json\/wp\/v2\/posts\/12609","targetHints":{"allow":["GET"]}}],"collection":[{"href":"https:\/\/agora.xtec.cat\/escolalavilapalamos\/wp-json\/wp\/v2\/posts"}],"about":[{"href":"https:\/\/agora.xtec.cat\/escolalavilapalamos\/wp-json\/wp\/v2\/types\/post"}],"author":[{"embeddable":true,"href":"https:\/\/agora.xtec.cat\/escolalavilapalamos\/wp-json\/wp\/v2\/users\/1"}],"replies":[{"embeddable":true,"href":"https:\/\/agora.xtec.cat\/escolalavilapalamos\/wp-json\/wp\/v2\/comments?post=12609"}],"version-history":[{"count":1,"href":"https:\/\/agora.xtec.cat\/escolalavilapalamos\/wp-json\/wp\/v2\/posts\/12609\/revisions"}],"predecessor-version":[{"id":12612,"href":"https:\/\/agora.xtec.cat\/escolalavilapalamos\/wp-json\/wp\/v2\/posts\/12609\/revisions\/12612"}],"wp:featuredmedia":[{"embeddable":true,"href":"https:\/\/agora.xtec.cat\/escolalavilapalamos\/wp-json\/wp\/v2\/media\/12610"}],"wp:attachment":[{"href":"https:\/\/agora.xtec.cat\/escolalavilapalamos\/wp-json\/wp\/v2\/media?parent=12609"}],"wp:term":[{"taxonomy":"category","embeddable":true,"href":"https:\/\/agora.xtec.cat\/escolalavilapalamos\/wp-json\/wp\/v2\/categories?post=12609"},{"taxonomy":"post_tag","embeddable":true,"href":"https:\/\/agora.xtec.cat\/escolalavilapalamos\/wp-json\/wp\/v2\/tags?post=12609"}],"curies":[{"name":"wp","href":"https:\/\/api.w.org\/{rel}","templated":true}]}}