{"id":12599,"date":"2022-12-02T16:01:05","date_gmt":"2022-12-02T15:01:05","guid":{"rendered":"https:\/\/agora.xtec.cat\/escolalavilapalamos\/?p=12599"},"modified":"2022-12-12T09:29:26","modified_gmt":"2022-12-12T08:29:26","slug":"fem-ritmes","status":"publish","type":"post","link":"https:\/\/agora.xtec.cat\/escolalavilapalamos\/portada\/fem-ritmes\/","title":{"rendered":"Fem ritmes!"},"content":{"rendered":"<p>Durant aquest mes de novembre a m\u00fasica hem estat treballant molts continguts relacionats amb la pulsaci\u00f3 i el ritme a trav\u00e9s de la interpretaci\u00f3 instrumental. Ja vam comen\u00e7ar a introduir-ho abans de la Castanyada i poc a poc hem aconseguit que sonem molt b\u00e9 en conjunt.<\/p>\n<p>A comunitat de grans hem comen\u00e7at amb ritmes de batucada, que cada cop s\u2019han anat complicant m\u00e9s. Hem acabat fent la nostra pr\u00f2pia creaci\u00f3, dissenyant diferents ritmes en petits grups que han donat uns resultats molt diversos, com per exemple: combinacions de pregunta &#8211; resposta entre instruments, figures r\u00edtmiques m\u00e9s r\u00e0pides o fins i tot diferents entrades i repeticions.<\/p>\n<p>A comunitat de mitjans ens hem centrat en la memoritzaci\u00f3 de figures r\u00edtmiques per acompanyar una can\u00e7\u00f3. Amb cada instrument interpret\u00e0vem un ritme diferent, per tant calia diferenciar-los i saber canviar de ritme quan toc\u00e0vem les maraques, els bongos, els claves i el triangle.<\/p>\n<p>A comunitat de petits continuem treballant les qualitats de so: el fort i el fluix, el curt i el llarg, el so i el silenci&#8230; I les hem experimentat tant amb el cos com amb el instruments. D\u2019aquesta manera, hem pogut percebre com el so va canviant dins d\u2019una mateixa m\u00fasica i a saber-lo identificar i diferenciar.<\/p>\n<p style=\"text-align: center;\"><iframe loading=\"lazy\" src=\"\/\/www.youtube.com\/embed\/Mfh6dMySREE\" width=\"560\" height=\"314\"><\/iframe><\/p>\n<p>I per \u00faltim, a tots els cursos hem estat assajant la can\u00e7\u00f3 de Nadal que cantarem el dia del festival i que de ben segur que les fam\u00edlies gaudireu d\u2019all\u00f2 m\u00e9s. Us esperem els dies 19 i 20 per celebrar el Nadal tots junts!<\/p>\n<p><em>*Trobareu alguna imatge\/v\u00eddeo de petits i 1r clicant a <a href=\"https:\/\/photos.app.goo.gl\/QkXzypXg14MPQBts5\">aqu\u00ed.<\/a><\/em><\/p>\n","protected":false},"excerpt":{"rendered":"<p>Durant aquest mes de novembre a m\u00fasica hem estat treballant molts continguts relacionats amb la pulsaci\u00f3 i el ritme a trav\u00e9s de la interpretaci\u00f3 instrumental. Ja vam comen\u00e7ar a introduir-ho abans de la Castanyada i poc a poc hem aconseguit que sonem molt b\u00e9 en&hellip;  <a href=\"https:\/\/agora.xtec.cat\/escolalavilapalamos\/portada\/fem-ritmes\/\" title=\"Read Fem ritmes!\">Llegeix m\u00e9s\u00bb<\/a><\/p>\n","protected":false},"author":5,"featured_media":12603,"comment_status":"open","ping_status":"closed","sticky":false,"template":"","format":"standard","meta":{"_bbp_topic_count":0,"_bbp_reply_count":0,"_bbp_total_topic_count":0,"_bbp_total_reply_count":0,"_bbp_voice_count":0,"_bbp_anonymous_reply_count":0,"_bbp_topic_count_hidden":0,"_bbp_reply_count_hidden":0,"_bbp_forum_subforum_count":0,"footnotes":""},"categories":[68,4],"tags":[],"class_list":["post-12599","post","type-post","status-publish","format-standard","has-post-thumbnail","hentry","category-musica","category-portada"],"post_mailing_queue_ids":[],"_links":{"self":[{"href":"https:\/\/agora.xtec.cat\/escolalavilapalamos\/wp-json\/wp\/v2\/posts\/12599","targetHints":{"allow":["GET"]}}],"collection":[{"href":"https:\/\/agora.xtec.cat\/escolalavilapalamos\/wp-json\/wp\/v2\/posts"}],"about":[{"href":"https:\/\/agora.xtec.cat\/escolalavilapalamos\/wp-json\/wp\/v2\/types\/post"}],"author":[{"embeddable":true,"href":"https:\/\/agora.xtec.cat\/escolalavilapalamos\/wp-json\/wp\/v2\/users\/5"}],"replies":[{"embeddable":true,"href":"https:\/\/agora.xtec.cat\/escolalavilapalamos\/wp-json\/wp\/v2\/comments?post=12599"}],"version-history":[{"count":2,"href":"https:\/\/agora.xtec.cat\/escolalavilapalamos\/wp-json\/wp\/v2\/posts\/12599\/revisions"}],"predecessor-version":[{"id":12602,"href":"https:\/\/agora.xtec.cat\/escolalavilapalamos\/wp-json\/wp\/v2\/posts\/12599\/revisions\/12602"}],"wp:featuredmedia":[{"embeddable":true,"href":"https:\/\/agora.xtec.cat\/escolalavilapalamos\/wp-json\/wp\/v2\/media\/12603"}],"wp:attachment":[{"href":"https:\/\/agora.xtec.cat\/escolalavilapalamos\/wp-json\/wp\/v2\/media?parent=12599"}],"wp:term":[{"taxonomy":"category","embeddable":true,"href":"https:\/\/agora.xtec.cat\/escolalavilapalamos\/wp-json\/wp\/v2\/categories?post=12599"},{"taxonomy":"post_tag","embeddable":true,"href":"https:\/\/agora.xtec.cat\/escolalavilapalamos\/wp-json\/wp\/v2\/tags?post=12599"}],"curies":[{"name":"wp","href":"https:\/\/api.w.org\/{rel}","templated":true}]}}