{"id":12593,"date":"2022-12-01T08:57:43","date_gmt":"2022-12-01T07:57:43","guid":{"rendered":"https:\/\/agora.xtec.cat\/escolalavilapalamos\/?p=12593"},"modified":"2022-12-01T09:59:06","modified_gmt":"2022-12-01T08:59:06","slug":"dilluns-5-i-dimecres-7-de-desembre-dies-de-lliure-disposicio","status":"publish","type":"post","link":"https:\/\/agora.xtec.cat\/escolalavilapalamos\/general\/dilluns-5-i-dimecres-7-de-desembre-dies-de-lliure-disposicio\/","title":{"rendered":"Dilluns 5 i dimecres 7 de desembre, dies de lliure disposici\u00f3"},"content":{"rendered":"<div class=\"entry-content\">\n<div class=\"entry-content\">\n<p>Us recordem que els propers <strong>dilluns 5 i dimecres 7 de desembre<\/strong> s\u00f3n festius en tractar-se de dies de lliure disposici\u00f3 del centre, segons acord del consell escolar municipal de Palam\u00f3s.<\/p>\n<p><strong>Divendres 9 de desembre hi ha classe amb normalitat mat\u00ed i tarda<\/strong><\/p>\n<p>&nbsp;<\/p>\n<p>Escola La Vila<\/p>\n<\/div>\n<\/div>\n","protected":false},"excerpt":{"rendered":"<p>Us recordem que els propers dilluns 5 i dimecres 7 de desembre s\u00f3n festius en tractar-se de dies de lliure disposici\u00f3 del centre, segons acord del consell escolar municipal de Palam\u00f3s.<br \/>\nDivendres 9 de desembre hi ha classe amb normalitat mat\u00ed i tarda<br \/>\n&nbsp;<br \/>\nEscola La Vila<\/p>\n","protected":false},"author":1,"featured_media":12594,"comment_status":"open","ping_status":"closed","sticky":false,"template":"","format":"standard","meta":{"_bbp_topic_count":0,"_bbp_reply_count":0,"_bbp_total_topic_count":0,"_bbp_total_reply_count":0,"_bbp_voice_count":0,"_bbp_anonymous_reply_count":0,"_bbp_topic_count_hidden":0,"_bbp_reply_count_hidden":0,"_bbp_forum_subforum_count":0,"footnotes":""},"categories":[1,4],"tags":[],"class_list":["post-12593","post","type-post","status-publish","format-standard","has-post-thumbnail","hentry","category-general","category-portada"],"post_mailing_queue_ids":[],"_links":{"self":[{"href":"https:\/\/agora.xtec.cat\/escolalavilapalamos\/wp-json\/wp\/v2\/posts\/12593","targetHints":{"allow":["GET"]}}],"collection":[{"href":"https:\/\/agora.xtec.cat\/escolalavilapalamos\/wp-json\/wp\/v2\/posts"}],"about":[{"href":"https:\/\/agora.xtec.cat\/escolalavilapalamos\/wp-json\/wp\/v2\/types\/post"}],"author":[{"embeddable":true,"href":"https:\/\/agora.xtec.cat\/escolalavilapalamos\/wp-json\/wp\/v2\/users\/1"}],"replies":[{"embeddable":true,"href":"https:\/\/agora.xtec.cat\/escolalavilapalamos\/wp-json\/wp\/v2\/comments?post=12593"}],"version-history":[{"count":1,"href":"https:\/\/agora.xtec.cat\/escolalavilapalamos\/wp-json\/wp\/v2\/posts\/12593\/revisions"}],"predecessor-version":[{"id":12595,"href":"https:\/\/agora.xtec.cat\/escolalavilapalamos\/wp-json\/wp\/v2\/posts\/12593\/revisions\/12595"}],"wp:featuredmedia":[{"embeddable":true,"href":"https:\/\/agora.xtec.cat\/escolalavilapalamos\/wp-json\/wp\/v2\/media\/12594"}],"wp:attachment":[{"href":"https:\/\/agora.xtec.cat\/escolalavilapalamos\/wp-json\/wp\/v2\/media?parent=12593"}],"wp:term":[{"taxonomy":"category","embeddable":true,"href":"https:\/\/agora.xtec.cat\/escolalavilapalamos\/wp-json\/wp\/v2\/categories?post=12593"},{"taxonomy":"post_tag","embeddable":true,"href":"https:\/\/agora.xtec.cat\/escolalavilapalamos\/wp-json\/wp\/v2\/tags?post=12593"}],"curies":[{"name":"wp","href":"https:\/\/api.w.org\/{rel}","templated":true}]}}