{"id":12587,"date":"2022-12-12T08:00:45","date_gmt":"2022-12-12T07:00:45","guid":{"rendered":"https:\/\/agora.xtec.cat\/escolalavilapalamos\/?p=12587"},"modified":"2022-12-19T11:54:04","modified_gmt":"2022-12-19T10:54:04","slug":"anem-a-la-piscina-4","status":"publish","type":"post","link":"https:\/\/agora.xtec.cat\/escolalavilapalamos\/general\/anem-a-la-piscina-4\/","title":{"rendered":"Anem a la piscina"},"content":{"rendered":"<p>Dins l&#8217;\u00e0rea de l&#8217;educaci\u00f3 f\u00edsica de la comunitat de mitjans \u00e9s molt important <strong>aprendre a nedar<\/strong>.<img loading=\"lazy\" decoding=\"async\" class=\"wp-image-539 alignright\" src=\"https:\/\/agora.xtec.cat\/escolalavilapalamos\/wp-content\/uploads\/usu897\/2017\/01\/12520-molestias-de-los-oidos-en-piscina-300x167.jpg\" alt=\"\" width=\"449\" height=\"250\" srcset=\"https:\/\/agora.xtec.cat\/escolalavilapalamos\/wp-content\/uploads\/usu897\/2017\/01\/12520-molestias-de-los-oidos-en-piscina-300x167.jpg 300w, https:\/\/agora.xtec.cat\/escolalavilapalamos\/wp-content\/uploads\/usu897\/2017\/01\/12520-molestias-de-los-oidos-en-piscina-768x427.jpg 768w, https:\/\/agora.xtec.cat\/escolalavilapalamos\/wp-content\/uploads\/usu897\/2017\/01\/12520-molestias-de-los-oidos-en-piscina-1024x569.jpg 1024w\" sizes=\"auto, (max-width: 449px) 100vw, 449px\" \/><br \/>\nEls\/les alumnes de 2n aniran a la Piscina Mancomunada Mes Gavarres els dijous al mat\u00ed del 12 gener al 16 de mar\u00e7 de 2023.<\/p>\n<p>Tota la informaci\u00f3 i la circular per l&#8217;autoritzaci\u00f3 us la podeu descarregar a:<\/p>\n<p><a href=\"https:\/\/drive.google.com\/file\/d\/1eqg-rzjQS0Bqma0h35bGE4wk-tKAd3i-\/view?usp=sharing\">Circular i autoritzaci\u00f3 de piscina de 2n<\/a>. <strong>Heu de retornar l&#8217;autoritzaci\u00f3 abans del 16 de desembre<\/strong><\/p>\n<p>El mes de gener a l&#8217;hora d&#8217;educaci\u00f3 f\u00edsica venen els monitors de piscina a fer una xerrada als alumnes i recordar quin material han de portar, quines s\u00f3n les normes de la piscina.<\/p>\n<p>El primer dia de l&#8217;activitat tots els\/les alumnes fan una prova de nivell a la piscina petita ( on fan peu) i d&#8217;aqu\u00ed fan els grups. Hi ha 4 grups amb 4 monitors m\u00e9s el socorrista. Normalment surten 2 grups que fan l&#8217;activitat a la piscina petita (de nivell baix) i 2 que van a la gran ( nivell alt) on tenen reservat 2 carrils ( els 2 de les cantonades).<\/p>\n<p>Aquesta \u00e9s una activitat subvencionada per la<\/p>\n<p><img loading=\"lazy\" decoding=\"async\" class=\"alignnone\" src=\"https:\/\/lh3.googleusercontent.com\/ATWDg1Tdm7GxuhbD3jkq_OGhdStbOw4tvQwVbd01oyOfglkccgcgAcqvolJaMJzwqeOoz7paqXn6MepejfDoOcps2EE_owtStLE0bFLoy3uLj_hfSymS6NQFxSp5MHmSWwGlnwe_KBfk7zsVcbcyG-qVhFPzKNd53y7dkQDHsuFeObphNIzUEMXNwTxMZxxIW3QjuAMEe1mMl9vwGNktG9dw-VWxxm1Dk5P7rcBMK3ctQny3Q9yMi8WoBhaMkHSD5kpmA9B1DA1C8RxoLAOzwblrvxo5coQ_ayD9zuU8B_Ta5pwjEfEex1imfgL4bTcyZfF7qw4z3KAISkjdx7F00DqprRyqRggP7DvWEyia8yVVzDks08dwgVWWl9li3fInuASqTZT0MBB53GjD4vn-MNOHVVZlCPAVL_svVZhJRlhi1DINLUBGswsPYrFF0FxbD0aWulnZoc0pX0xQ2_2Ndea_VwtHPiS0GiQqqU6_ecXZeZJVKw8CaCsqTTS4sTcA74ebg_dednR-6l4dc6egoob7mHZaTF-jPuxosS18c2pM258R-c7w5XxyIsjOF3LrYB-hYewVbv103UTsTb0a-fZf4dvIX9GjuKqoKhORxX2cCHpxC7Z0yubMNiohxBoOHhydt3ZF8LJHwlIpqNH_Qa23j2XE0a-oJjTEKdeJ2A=w162-h185-no\" width=\"106\" height=\"121\" \/><img loading=\"lazy\" decoding=\"async\" class=\"alignleft wp-image-10679\" src=\"https:\/\/agora.xtec.cat\/escolalavilapalamos\/wp-content\/uploads\/usu897\/2021\/12\/baixa.jpg\" alt=\"\" width=\"140\" height=\"140\" srcset=\"https:\/\/agora.xtec.cat\/escolalavilapalamos\/wp-content\/uploads\/usu897\/2021\/12\/baixa.jpg 180w, https:\/\/agora.xtec.cat\/escolalavilapalamos\/wp-content\/uploads\/usu897\/2021\/12\/baixa-150x150.jpg 150w\" sizes=\"auto, (max-width: 140px) 100vw, 140px\" \/><img loading=\"lazy\" decoding=\"async\" class=\"wp-image-2204 alignleft\" src=\"http:\/\/agora.xtec.cat\/escolalavilapalamos\/wp-content\/uploads\/usu897\/2017\/01\/marca_diputacio_apaisada-1024x382.jpg\" alt=\"\" width=\"294\" height=\"110\" srcset=\"https:\/\/agora.xtec.cat\/escolalavilapalamos\/wp-content\/uploads\/usu897\/2017\/01\/marca_diputacio_apaisada-1024x382.jpg 1024w, https:\/\/agora.xtec.cat\/escolalavilapalamos\/wp-content\/uploads\/usu897\/2017\/01\/marca_diputacio_apaisada-300x112.jpg 300w, https:\/\/agora.xtec.cat\/escolalavilapalamos\/wp-content\/uploads\/usu897\/2017\/01\/marca_diputacio_apaisada-768x286.jpg 768w\" sizes=\"auto, (max-width: 294px) 100vw, 294px\" \/><\/p>\n","protected":false},"excerpt":{"rendered":"<p>Dins l&#8217;\u00e0rea de l&#8217;educaci\u00f3 f\u00edsica de la comunitat de mitjans \u00e9s molt important aprendre a nedar.<br \/>\nEls\/les alumnes de 2n aniran a la Piscina Mancomunada Mes Gavarres els dijous al mat\u00ed del 12 gener al 16 de mar\u00e7 de 2023.<br \/>\nTota la informaci\u00f3 i la circular per&hellip;  <a href=\"https:\/\/agora.xtec.cat\/escolalavilapalamos\/general\/anem-a-la-piscina-4\/\" title=\"Read Anem a la piscina\">Llegeix m\u00e9s\u00bb<\/a><\/p>\n","protected":false},"author":1,"featured_media":539,"comment_status":"open","ping_status":"closed","sticky":false,"template":"","format":"standard","meta":{"_bbp_topic_count":0,"_bbp_reply_count":0,"_bbp_total_topic_count":0,"_bbp_total_reply_count":0,"_bbp_voice_count":0,"_bbp_anonymous_reply_count":0,"_bbp_topic_count_hidden":0,"_bbp_reply_count_hidden":0,"_bbp_forum_subforum_count":0,"footnotes":""},"categories":[7,127,1,4],"tags":[],"class_list":["post-12587","post","type-post","status-publish","format-standard","has-post-thumbnail","hentry","category-ampa","category-comunitat-de-mitjans","category-general","category-portada"],"post_mailing_queue_ids":[],"_links":{"self":[{"href":"https:\/\/agora.xtec.cat\/escolalavilapalamos\/wp-json\/wp\/v2\/posts\/12587","targetHints":{"allow":["GET"]}}],"collection":[{"href":"https:\/\/agora.xtec.cat\/escolalavilapalamos\/wp-json\/wp\/v2\/posts"}],"about":[{"href":"https:\/\/agora.xtec.cat\/escolalavilapalamos\/wp-json\/wp\/v2\/types\/post"}],"author":[{"embeddable":true,"href":"https:\/\/agora.xtec.cat\/escolalavilapalamos\/wp-json\/wp\/v2\/users\/1"}],"replies":[{"embeddable":true,"href":"https:\/\/agora.xtec.cat\/escolalavilapalamos\/wp-json\/wp\/v2\/comments?post=12587"}],"version-history":[{"count":3,"href":"https:\/\/agora.xtec.cat\/escolalavilapalamos\/wp-json\/wp\/v2\/posts\/12587\/revisions"}],"predecessor-version":[{"id":12608,"href":"https:\/\/agora.xtec.cat\/escolalavilapalamos\/wp-json\/wp\/v2\/posts\/12587\/revisions\/12608"}],"wp:featuredmedia":[{"embeddable":true,"href":"https:\/\/agora.xtec.cat\/escolalavilapalamos\/wp-json\/wp\/v2\/media\/539"}],"wp:attachment":[{"href":"https:\/\/agora.xtec.cat\/escolalavilapalamos\/wp-json\/wp\/v2\/media?parent=12587"}],"wp:term":[{"taxonomy":"category","embeddable":true,"href":"https:\/\/agora.xtec.cat\/escolalavilapalamos\/wp-json\/wp\/v2\/categories?post=12587"},{"taxonomy":"post_tag","embeddable":true,"href":"https:\/\/agora.xtec.cat\/escolalavilapalamos\/wp-json\/wp\/v2\/tags?post=12587"}],"curies":[{"name":"wp","href":"https:\/\/api.w.org\/{rel}","templated":true}]}}