{"id":12585,"date":"2022-12-01T09:48:10","date_gmt":"2022-12-01T08:48:10","guid":{"rendered":"https:\/\/agora.xtec.cat\/escolalavilapalamos\/?p=12585"},"modified":"2022-12-02T17:08:15","modified_gmt":"2022-12-02T16:08:15","slug":"nadal-arriba-a-laula-dacollida","status":"publish","type":"post","link":"https:\/\/agora.xtec.cat\/escolalavilapalamos\/general\/nadal-arriba-a-laula-dacollida\/","title":{"rendered":"El Nadal arriba a l&#8217;aula d&#8217;acollida"},"content":{"rendered":"<p><span style=\"font-weight: 400;\"><img loading=\"lazy\" decoding=\"async\" class=\"wp-image-12591 alignleft\" src=\"https:\/\/agora.xtec.cat\/escolalavilapalamos\/wp-content\/uploads\/usu897\/2022\/11\/WhatsApp-Image-2022-11-30-at-12.43.06-50.jpeg\" alt=\"\" width=\"463\" height=\"347\" srcset=\"https:\/\/agora.xtec.cat\/escolalavilapalamos\/wp-content\/uploads\/usu897\/2022\/11\/WhatsApp-Image-2022-11-30-at-12.43.06-50.jpeg 1024w, https:\/\/agora.xtec.cat\/escolalavilapalamos\/wp-content\/uploads\/usu897\/2022\/11\/WhatsApp-Image-2022-11-30-at-12.43.06-50-300x224.jpeg 300w, https:\/\/agora.xtec.cat\/escolalavilapalamos\/wp-content\/uploads\/usu897\/2022\/11\/WhatsApp-Image-2022-11-30-at-12.43.06-50-768x575.jpeg 768w, https:\/\/agora.xtec.cat\/escolalavilapalamos\/wp-content\/uploads\/usu897\/2022\/11\/WhatsApp-Image-2022-11-30-at-12.43.06-50-200x150.jpeg 200w\" sizes=\"auto, (max-width: 463px) 100vw, 463px\" \/>Com no podia ser d\u2019una altra manera, a l\u2019aula d\u2019acollida tamb\u00e9 volem celebrar el Nadal i, \u00e9s per aix\u00f2 que estem duent a terme tota una s\u00e8rie d\u2019activitats al voltant d\u2019aquesta festa tan esperada i que tanta il\u00b7lusi\u00f3 ens fa a tots, alumnes i mestres.<\/span><\/p>\n<p><span style=\"font-weight: 400;\">Primer de tot, l\u2019alumnat comen\u00e7a fent una explicaci\u00f3 de com es celebra el Nadal al seu pa\u00eds d\u2019origen. Si algun alumne no el celebra perqu\u00e8 es tracta d\u2019una festa que no \u00e9s pr\u00f2pia de la seva cultura (com, per exemple, pot ser el cas de l\u2019alumnat procedent del Marroc), pot explicar alguna altra festa que s\u00ed que ho sigui. La mestra tamb\u00e9 fa la seva aportaci\u00f3 explicant als alumnes com s\u2019acostuma a celebrar el Nadal aqu\u00ed a Catalunya. D\u2019aquesta manera, compartim viv\u00e8ncies, aprenem els uns dels altres i ens enriquim m\u00fatuament. Per\u00f2 no nom\u00e9s es tracta de parlar de les viv\u00e8ncies que tots tenim respecte d\u2019aquesta festa; cada cultura t\u00e9 la seva part gastron\u00f2mica, que tamb\u00e9 \u00e9s molt important. A Catalunya tenim molts dol\u00e7os que ens en s\u00f3n propis i que els alumnes nouvinguts desconeixen. Per tant, per tal que els coneguin, a part d\u2019aprendre com es diuen, tamb\u00e9 hem fet un berenar de Nadal (petit tastet de torr\u00f3 i de neules).<\/span><\/p>\n<p><span style=\"font-weight: 400;\">Paral\u00b7lelament a aquest treball oral de compartir, fem un treball d\u2019aprendre el vocabulari b\u00e0sic del Nadal: ti\u00f3, arbre de Nadal, garlanda, regals, Reis Mags, estrella, nadala, postal, poema de Nadal, nit de Nadal, Cap d\u2019Any, torr\u00f3, neules\u2026<\/span><\/p>\n<p><span style=\"font-weight: 400;\">Aprenem dites, com la del mes de desembre i dites pr\u00f2pies del Nadal.<\/span><\/p>\n<p><span style=\"font-weight: 400;\">A m\u00e9s a m\u00e9s, entre tots hem creat un calendari d\u2019Advent, que comen\u00e7arem a obrir a partir del dia 1 de desembre. El calendari t\u00e9 vint-i-quatre capsetes, cada una representa un dia del calendari del mes de desembre, des de l\u20191 fins el 24. Cada dia un\/a alumne\/a obre la capseta corresponent, que cont\u00e8 un paperet amb una frase escrita indicant una acci\u00f3 determinada que l\u2019alumne ha de realitzar, i un petit premi per haver-la realitzat. Aquesta \u00e9s una activitat que refor\u00e7a molt els aprenentatges, fomenta el treball en equip, perqu\u00e8 el calendari el creen entre tots i totes, i \u00e9s motivadora perqu\u00e8 es presenta com un joc amb un premi al final.<\/span><\/p>\n<p><span style=\"font-weight: 400;\">I, per suposat, entre tots hem comen\u00e7at a guarnir l\u2019aula, per donar-li un aire nadalenc d\u2019all\u00f2 m\u00e9s bonic i original.\u00a0<\/span><\/p>\n<p><span style=\"font-weight: 400;\">\u00a0<\/span><\/p>\n","protected":false},"excerpt":{"rendered":"<p>Com no podia ser d\u2019una altra manera, a l\u2019aula d\u2019acollida tamb\u00e9 volem celebrar el Nadal i, \u00e9s per aix\u00f2 que estem duent a terme tota una s\u00e8rie d\u2019activitats al voltant d\u2019aquesta festa tan esperada i que tanta il\u00b7lusi\u00f3 ens fa a tots, alumnes i mestres.<br \/>\nPrimer&hellip;  <a href=\"https:\/\/agora.xtec.cat\/escolalavilapalamos\/general\/nadal-arriba-a-laula-dacollida\/\" title=\"Read El Nadal arriba a l&#8217;aula d&#8217;acollida\">Llegeix m\u00e9s\u00bb<\/a><\/p>\n","protected":false},"author":17,"featured_media":12591,"comment_status":"open","ping_status":"closed","sticky":false,"template":"","format":"standard","meta":{"_bbp_topic_count":0,"_bbp_reply_count":0,"_bbp_total_topic_count":0,"_bbp_total_reply_count":0,"_bbp_voice_count":0,"_bbp_anonymous_reply_count":0,"_bbp_topic_count_hidden":0,"_bbp_reply_count_hidden":0,"_bbp_forum_subforum_count":0,"footnotes":""},"categories":[1,4],"tags":[],"class_list":["post-12585","post","type-post","status-publish","format-standard","has-post-thumbnail","hentry","category-general","category-portada"],"post_mailing_queue_ids":[],"_links":{"self":[{"href":"https:\/\/agora.xtec.cat\/escolalavilapalamos\/wp-json\/wp\/v2\/posts\/12585","targetHints":{"allow":["GET"]}}],"collection":[{"href":"https:\/\/agora.xtec.cat\/escolalavilapalamos\/wp-json\/wp\/v2\/posts"}],"about":[{"href":"https:\/\/agora.xtec.cat\/escolalavilapalamos\/wp-json\/wp\/v2\/types\/post"}],"author":[{"embeddable":true,"href":"https:\/\/agora.xtec.cat\/escolalavilapalamos\/wp-json\/wp\/v2\/users\/17"}],"replies":[{"embeddable":true,"href":"https:\/\/agora.xtec.cat\/escolalavilapalamos\/wp-json\/wp\/v2\/comments?post=12585"}],"version-history":[{"count":3,"href":"https:\/\/agora.xtec.cat\/escolalavilapalamos\/wp-json\/wp\/v2\/posts\/12585\/revisions"}],"predecessor-version":[{"id":12604,"href":"https:\/\/agora.xtec.cat\/escolalavilapalamos\/wp-json\/wp\/v2\/posts\/12585\/revisions\/12604"}],"wp:featuredmedia":[{"embeddable":true,"href":"https:\/\/agora.xtec.cat\/escolalavilapalamos\/wp-json\/wp\/v2\/media\/12591"}],"wp:attachment":[{"href":"https:\/\/agora.xtec.cat\/escolalavilapalamos\/wp-json\/wp\/v2\/media?parent=12585"}],"wp:term":[{"taxonomy":"category","embeddable":true,"href":"https:\/\/agora.xtec.cat\/escolalavilapalamos\/wp-json\/wp\/v2\/categories?post=12585"},{"taxonomy":"post_tag","embeddable":true,"href":"https:\/\/agora.xtec.cat\/escolalavilapalamos\/wp-json\/wp\/v2\/tags?post=12585"}],"curies":[{"name":"wp","href":"https:\/\/api.w.org\/{rel}","templated":true}]}}