{"id":12561,"date":"2022-11-23T10:58:56","date_gmt":"2022-11-23T09:58:56","guid":{"rendered":"https:\/\/agora.xtec.cat\/escolalavilapalamos\/?p=12561"},"modified":"2022-11-23T10:58:56","modified_gmt":"2022-11-23T09:58:56","slug":"calendari-de-lescola-2023","status":"publish","type":"post","link":"https:\/\/agora.xtec.cat\/escolalavilapalamos\/general\/calendari-de-lescola-2023\/","title":{"rendered":"Calendari de  l\u2019escola 2023"},"content":{"rendered":"<p><img loading=\"lazy\" decoding=\"async\" class=\"wp-image-12565  alignleft\" src=\"https:\/\/agora.xtec.cat\/escolalavilapalamos\/wp-content\/uploads\/usu897\/2022\/11\/Imatge-La-Vila_20221123_102304_001.jpg\" alt=\"\" width=\"490\" height=\"347\" srcset=\"https:\/\/agora.xtec.cat\/escolalavilapalamos\/wp-content\/uploads\/usu897\/2022\/11\/Imatge-La-Vila_20221123_102304_001.jpg 2338w, https:\/\/agora.xtec.cat\/escolalavilapalamos\/wp-content\/uploads\/usu897\/2022\/11\/Imatge-La-Vila_20221123_102304_001-300x212.jpg 300w, https:\/\/agora.xtec.cat\/escolalavilapalamos\/wp-content\/uploads\/usu897\/2022\/11\/Imatge-La-Vila_20221123_102304_001-1024x724.jpg 1024w, https:\/\/agora.xtec.cat\/escolalavilapalamos\/wp-content\/uploads\/usu897\/2022\/11\/Imatge-La-Vila_20221123_102304_001-768x543.jpg 768w, https:\/\/agora.xtec.cat\/escolalavilapalamos\/wp-content\/uploads\/usu897\/2022\/11\/Imatge-La-Vila_20221123_102304_001-1536x1086.jpg 1536w, https:\/\/agora.xtec.cat\/escolalavilapalamos\/wp-content\/uploads\/usu897\/2022\/11\/Imatge-La-Vila_20221123_102304_001-2048x1448.jpg 2048w\" sizes=\"auto, (max-width: 490px) 100vw, 490px\" \/>Els <strong>nois i noies de cinqu\u00e8<\/strong>\u00a0han preparat un\u00a0<strong>calendari<\/strong>\u00a0<strong>del 2023<\/strong> on hi ha tots els alumnes de l&#8217;escola. Es venen a un<strong>\u00a0preu de 8\u20ac.<\/strong>\u00a0I els diners es destinaran al viatge de fi d&#8217;etapa en acabar 6\u00e8.<\/p>\n<p><strong>Els podeu adquirir a:<\/strong><\/p>\n<p>&#8211; A les entrades i sortides de l&#8217;escola.<\/p>\n<p>&#8211; Can Romero.<\/p>\n<p>&#8211; Llaminadures Vull m\u00e9s (davant parc arbreda).<\/p>\n<p><strong>Recordeu portar sempre els diners en efectiu<\/strong><\/p>\n<p>Comissi\u00f3 fam\u00edlies de 5\u00e8 i AMPA escola la vila.<\/p>\n","protected":false},"excerpt":{"rendered":"<p>Els nois i noies de cinqu\u00e8\u00a0han preparat un\u00a0calendari\u00a0del 2023 on hi ha tots els alumnes de l&#8217;escola. Es venen a un\u00a0preu de 8\u20ac.\u00a0I els diners es destinaran al viatge de fi d&#8217;etapa en acabar 6\u00e8.<br \/>\nEls podeu adquirir a:<br \/>\n&#8211; A les entrades i sortides de l&#8217;escola.<br \/>\n&#8211;&hellip;  <a href=\"https:\/\/agora.xtec.cat\/escolalavilapalamos\/general\/calendari-de-lescola-2023\/\" title=\"Read Calendari de  l\u2019escola 2023\">Llegeix m\u00e9s\u00bb<\/a><\/p>\n","protected":false},"author":1,"featured_media":12565,"comment_status":"open","ping_status":"closed","sticky":false,"template":"","format":"standard","meta":{"_bbp_topic_count":0,"_bbp_reply_count":0,"_bbp_total_topic_count":0,"_bbp_total_reply_count":0,"_bbp_voice_count":0,"_bbp_anonymous_reply_count":0,"_bbp_topic_count_hidden":0,"_bbp_reply_count_hidden":0,"_bbp_forum_subforum_count":0,"footnotes":""},"categories":[7,128,1,4],"tags":[],"class_list":["post-12561","post","type-post","status-publish","format-standard","has-post-thumbnail","hentry","category-ampa","category-comunitat-de-grans","category-general","category-portada"],"post_mailing_queue_ids":[],"_links":{"self":[{"href":"https:\/\/agora.xtec.cat\/escolalavilapalamos\/wp-json\/wp\/v2\/posts\/12561","targetHints":{"allow":["GET"]}}],"collection":[{"href":"https:\/\/agora.xtec.cat\/escolalavilapalamos\/wp-json\/wp\/v2\/posts"}],"about":[{"href":"https:\/\/agora.xtec.cat\/escolalavilapalamos\/wp-json\/wp\/v2\/types\/post"}],"author":[{"embeddable":true,"href":"https:\/\/agora.xtec.cat\/escolalavilapalamos\/wp-json\/wp\/v2\/users\/1"}],"replies":[{"embeddable":true,"href":"https:\/\/agora.xtec.cat\/escolalavilapalamos\/wp-json\/wp\/v2\/comments?post=12561"}],"version-history":[{"count":4,"href":"https:\/\/agora.xtec.cat\/escolalavilapalamos\/wp-json\/wp\/v2\/posts\/12561\/revisions"}],"predecessor-version":[{"id":12567,"href":"https:\/\/agora.xtec.cat\/escolalavilapalamos\/wp-json\/wp\/v2\/posts\/12561\/revisions\/12567"}],"wp:featuredmedia":[{"embeddable":true,"href":"https:\/\/agora.xtec.cat\/escolalavilapalamos\/wp-json\/wp\/v2\/media\/12565"}],"wp:attachment":[{"href":"https:\/\/agora.xtec.cat\/escolalavilapalamos\/wp-json\/wp\/v2\/media?parent=12561"}],"wp:term":[{"taxonomy":"category","embeddable":true,"href":"https:\/\/agora.xtec.cat\/escolalavilapalamos\/wp-json\/wp\/v2\/categories?post=12561"},{"taxonomy":"post_tag","embeddable":true,"href":"https:\/\/agora.xtec.cat\/escolalavilapalamos\/wp-json\/wp\/v2\/tags?post=12561"}],"curies":[{"name":"wp","href":"https:\/\/api.w.org\/{rel}","templated":true}]}}