{"id":12558,"date":"2022-11-18T10:50:30","date_gmt":"2022-11-18T09:50:30","guid":{"rendered":"https:\/\/agora.xtec.cat\/escolalavilapalamos\/?p=12558"},"modified":"2022-11-23T10:51:45","modified_gmt":"2022-11-23T09:51:45","slug":"viatgem-de-5e-2","status":"publish","type":"post","link":"https:\/\/agora.xtec.cat\/escolalavilapalamos\/portada\/viatgem-de-5e-2\/","title":{"rendered":"Viatgem de 5\u00e8"},"content":{"rendered":"<div class=\"css-1dbjc4n\">\n<div id=\"id__5g05b0l4hd\" class=\"css-901oao r-18jsvk2 r-37j5jr r-a023e6 r-16dba41 r-rjixqe r-bcqeeo r-bnwqim r-qvutc0\" dir=\"auto\" lang=\"ca\" data-testid=\"tweetText\"><span class=\"css-901oao css-16my406 r-poiln3 r-bcqeeo r-qvutc0\"> Projecte Viatgem de 5\u00e8. En Josep, avi de l&#8217; Aina ens ajuda a con\u00e8ixer m\u00e9s b\u00e9 la comunitat de Castell\u00f3 i Lle\u00f3.<\/span><\/div>\n<div dir=\"auto\" lang=\"ca\" data-testid=\"tweetText\"><img loading=\"lazy\" decoding=\"async\" class=\"wp-image-12559  alignnone\" src=\"https:\/\/agora.xtec.cat\/escolalavilapalamos\/wp-content\/uploads\/usu897\/2022\/11\/316314951_5949517445113484_4576332058975462358_n.jpg\" alt=\"\" width=\"388\" height=\"388\" srcset=\"https:\/\/agora.xtec.cat\/escolalavilapalamos\/wp-content\/uploads\/usu897\/2022\/11\/316314951_5949517445113484_4576332058975462358_n.jpg 526w, https:\/\/agora.xtec.cat\/escolalavilapalamos\/wp-content\/uploads\/usu897\/2022\/11\/316314951_5949517445113484_4576332058975462358_n-300x300.jpg 300w, https:\/\/agora.xtec.cat\/escolalavilapalamos\/wp-content\/uploads\/usu897\/2022\/11\/316314951_5949517445113484_4576332058975462358_n-150x150.jpg 150w\" sizes=\"auto, (max-width: 388px) 100vw, 388px\" \/><\/div>\n<\/div>\n","protected":false},"excerpt":{"rendered":"<p> Projecte Viatgem de 5\u00e8. En Josep, avi de l&#8217; Aina ens ajuda a con\u00e8ixer m\u00e9s b\u00e9 la comunitat de Castell\u00f3 i Lle\u00f3.<\/p>\n","protected":false},"author":1,"featured_media":12559,"comment_status":"open","ping_status":"closed","sticky":false,"template":"","format":"standard","meta":{"_bbp_topic_count":0,"_bbp_reply_count":0,"_bbp_total_topic_count":0,"_bbp_total_reply_count":0,"_bbp_voice_count":0,"_bbp_anonymous_reply_count":0,"_bbp_topic_count_hidden":0,"_bbp_reply_count_hidden":0,"_bbp_forum_subforum_count":0,"footnotes":""},"categories":[128,4],"tags":[],"class_list":["post-12558","post","type-post","status-publish","format-standard","has-post-thumbnail","hentry","category-comunitat-de-grans","category-portada"],"post_mailing_queue_ids":[],"_links":{"self":[{"href":"https:\/\/agora.xtec.cat\/escolalavilapalamos\/wp-json\/wp\/v2\/posts\/12558","targetHints":{"allow":["GET"]}}],"collection":[{"href":"https:\/\/agora.xtec.cat\/escolalavilapalamos\/wp-json\/wp\/v2\/posts"}],"about":[{"href":"https:\/\/agora.xtec.cat\/escolalavilapalamos\/wp-json\/wp\/v2\/types\/post"}],"author":[{"embeddable":true,"href":"https:\/\/agora.xtec.cat\/escolalavilapalamos\/wp-json\/wp\/v2\/users\/1"}],"replies":[{"embeddable":true,"href":"https:\/\/agora.xtec.cat\/escolalavilapalamos\/wp-json\/wp\/v2\/comments?post=12558"}],"version-history":[{"count":1,"href":"https:\/\/agora.xtec.cat\/escolalavilapalamos\/wp-json\/wp\/v2\/posts\/12558\/revisions"}],"predecessor-version":[{"id":12560,"href":"https:\/\/agora.xtec.cat\/escolalavilapalamos\/wp-json\/wp\/v2\/posts\/12558\/revisions\/12560"}],"wp:featuredmedia":[{"embeddable":true,"href":"https:\/\/agora.xtec.cat\/escolalavilapalamos\/wp-json\/wp\/v2\/media\/12559"}],"wp:attachment":[{"href":"https:\/\/agora.xtec.cat\/escolalavilapalamos\/wp-json\/wp\/v2\/media?parent=12558"}],"wp:term":[{"taxonomy":"category","embeddable":true,"href":"https:\/\/agora.xtec.cat\/escolalavilapalamos\/wp-json\/wp\/v2\/categories?post=12558"},{"taxonomy":"post_tag","embeddable":true,"href":"https:\/\/agora.xtec.cat\/escolalavilapalamos\/wp-json\/wp\/v2\/tags?post=12558"}],"curies":[{"name":"wp","href":"https:\/\/api.w.org\/{rel}","templated":true}]}}